{"id":11293,"date":"2025-02-07T19:21:49","date_gmt":"2025-02-07T22:21:49","guid":{"rendered":"https:\/\/laserenaradio.cl\/web\/?p=11293"},"modified":"2025-02-07T19:21:49","modified_gmt":"2025-02-07T22:21:49","slug":"polemica-en-el-concejo-municipal-de-los-angeles-por-un-ciclo-de-cine-trans","status":"publish","type":"post","link":"https:\/\/laserenaradio.cl\/web\/2025\/02\/07\/polemica-en-el-concejo-municipal-de-los-angeles-por-un-ciclo-de-cine-trans\/","title":{"rendered":"Pol\u00e9mica en el Concejo Municipal de Los \u00c1ngeles por un ciclo de cine trans"},"content":{"rendered":"<p><b>En la regi\u00f3n del B\u00edo B\u00edo, la concejala republicana Oriana Offermann se ha opuesto a un ciclo de cine trans que se planeaba realizar en Los \u00c1ngeles<\/b><!--more-->.<\/p>\n<p>Offermann argumenta que la actividad podr\u00eda poner en riesgo la salud f\u00edsica y mental de los ni\u00f1os y ni\u00f1as.<\/p>\n<p>La Corporaci\u00f3n Cultural Municipal indic\u00f3 que solo presta las instalaciones, ya que el evento es organizado por el Minsal y el <a href=\"http:\/\/www.ministeriodesarrollosocial.gob.cl\/\">Ministerio de Desarrollo Social y Familia<\/a>.<\/p>\n<p>Gonzalo Valladares, del Servicio de Salud B\u00edo B\u00edo, explic\u00f3 que el ciclo forma parte del Programa de Acompa\u00f1amiento a la Identidad de G\u00e9nero y busca promover un clima comunitario positivo hacia la diversidad de g\u00e9nero.<\/p>\n<p>El concejal Alejandro Cano apoya el evento, argumentando que se proyectar\u00e1n pel\u00edculas premiadas mundialmente y que no hay obligaci\u00f3n de verlas.<\/p>\n","protected":false},"excerpt":{"rendered":"<p>En la regi\u00f3n del B\u00edo B\u00edo, la concejala republicana Oriana Offermann se ha opuesto a un ciclo de cine trans que se planeaba realizar en Los \u00c1ngeles<\/p>\n","protected":false},"author":2,"featured_media":9076,"comment_status":"closed","ping_status":"open","sticky":false,"template":"","format":"standard","meta":{"_jetpack_memberships_contains_paid_content":false,"jnews-multi-image_gallery":[],"jnews_single_post":[],"jnews_primary_category":[],"jnews_social_meta":[],"jnews_paywall_metabox":[],"jnews_review":[],"enable_review":"","type":"","name":"","summary":"","brand":"","sku":"","good":[],"bad":[],"score_override":"","override_value":"","rating":[],"price":[],"jnews_override_counter":[],"jnews_post_split":[],"footnotes":""},"categories":[83],"tags":[],"class_list":["post-11293","post","type-post","status-publish","format-standard","has-post-thumbnail","hentry","category-politica"],"jetpack_featured_media_url":"https:\/\/laserenaradio.cl\/web\/wp-content\/uploads\/2024\/12\/laserenaradio_nacional.webp","jetpack_sharing_enabled":true,"_links":{"self":[{"href":"https:\/\/laserenaradio.cl\/web\/wp-json\/wp\/v2\/posts\/11293","targetHints":{"allow":["GET"]}}],"collection":[{"href":"https:\/\/laserenaradio.cl\/web\/wp-json\/wp\/v2\/posts"}],"about":[{"href":"https:\/\/laserenaradio.cl\/web\/wp-json\/wp\/v2\/types\/post"}],"author":[{"embeddable":true,"href":"https:\/\/laserenaradio.cl\/web\/wp-json\/wp\/v2\/users\/2"}],"replies":[{"embeddable":true,"href":"https:\/\/laserenaradio.cl\/web\/wp-json\/wp\/v2\/comments?post=11293"}],"version-history":[{"count":1,"href":"https:\/\/laserenaradio.cl\/web\/wp-json\/wp\/v2\/posts\/11293\/revisions"}],"predecessor-version":[{"id":11294,"href":"https:\/\/laserenaradio.cl\/web\/wp-json\/wp\/v2\/posts\/11293\/revisions\/11294"}],"wp:featuredmedia":[{"embeddable":true,"href":"https:\/\/laserenaradio.cl\/web\/wp-json\/wp\/v2\/media\/9076"}],"wp:attachment":[{"href":"https:\/\/laserenaradio.cl\/web\/wp-json\/wp\/v2\/media?parent=11293"}],"wp:term":[{"taxonomy":"category","embeddable":true,"href":"https:\/\/laserenaradio.cl\/web\/wp-json\/wp\/v2\/categories?post=11293"},{"taxonomy":"post_tag","embeddable":true,"href":"https:\/\/laserenaradio.cl\/web\/wp-json\/wp\/v2\/tags?post=11293"}],"curies":[{"name":"wp","href":"https:\/\/api.w.org\/{rel}","templated":true}]}}