{"id":11284,"date":"2025-02-07T14:29:55","date_gmt":"2025-02-07T17:29:55","guid":{"rendered":"https:\/\/laserenaradio.cl\/web\/?p=11284"},"modified":"2025-02-07T14:29:55","modified_gmt":"2025-02-07T17:29:55","slug":"jaime-manalich-se-pronuncia-en-contra-de-una-estatua-en-honor-a-sebastian-pinera","status":"publish","type":"post","link":"https:\/\/laserenaradio.cl\/web\/2025\/02\/07\/jaime-manalich-se-pronuncia-en-contra-de-una-estatua-en-honor-a-sebastian-pinera\/","title":{"rendered":"Jaime Ma\u00f1alich se pronuncia en contra de una estatua en honor a Sebasti\u00e1n Pi\u00f1era"},"content":{"rendered":"<p><b>El exministro de Salud Jaime Ma\u00f1alich se opone a la propuesta de colocar una estatua en honor al expresidente Sebasti\u00e1n Pi\u00f1era en la Plaza de la Constituci\u00f3n, argumentando que eso ser\u00eda inadecuado<\/b><!--more-->.<\/p>\n<p>Ma\u00f1alich analiza el per\u00edodo m\u00e1s cr\u00edtico del gobierno de Pi\u00f1era durante el estallido social de 2019, reconociendo que Pi\u00f1era experiment\u00f3 tristeza por no ser reconocido por sus esfuerzos.<\/p>\n<p>A pesar de esto, Ma\u00f1alich se\u00f1ala que la figura de Pi\u00f1era mejor\u00f3 con el tiempo y que se debe valorar a Pi\u00f1era como un estadista m\u00e1s all\u00e1 de su papel presidencial.<\/p>\n","protected":false},"excerpt":{"rendered":"<p>El exministro de Salud Jaime Ma\u00f1alich se opone a la propuesta de colocar una estatua en honor al expresidente Sebasti\u00e1n Pi\u00f1era en la Plaza de la Constituci\u00f3n, argumentando que eso ser\u00eda inadecuado<\/p>\n","protected":false},"author":2,"featured_media":11283,"comment_status":"closed","ping_status":"open","sticky":false,"template":"","format":"standard","meta":{"_jetpack_memberships_contains_paid_content":false,"jnews-multi-image_gallery":[],"jnews_single_post":[],"jnews_primary_category":[],"jnews_social_meta":[],"jnews_paywall_metabox":[],"jnews_review":[],"enable_review":"","type":"","name":"","summary":"","brand":"","sku":"","good":[],"bad":[],"score_override":"","override_value":"","rating":[],"price":[],"jnews_override_counter":[],"jnews_post_split":[],"footnotes":""},"categories":[83],"tags":[],"class_list":["post-11284","post","type-post","status-publish","format-standard","has-post-thumbnail","hentry","category-politica"],"jetpack_featured_media_url":"https:\/\/laserenaradio.cl\/web\/wp-content\/uploads\/2025\/02\/homepiaiextractoscrapimg_webpJaimeManalich_1.webp","jetpack_sharing_enabled":true,"_links":{"self":[{"href":"https:\/\/laserenaradio.cl\/web\/wp-json\/wp\/v2\/posts\/11284","targetHints":{"allow":["GET"]}}],"collection":[{"href":"https:\/\/laserenaradio.cl\/web\/wp-json\/wp\/v2\/posts"}],"about":[{"href":"https:\/\/laserenaradio.cl\/web\/wp-json\/wp\/v2\/types\/post"}],"author":[{"embeddable":true,"href":"https:\/\/laserenaradio.cl\/web\/wp-json\/wp\/v2\/users\/2"}],"replies":[{"embeddable":true,"href":"https:\/\/laserenaradio.cl\/web\/wp-json\/wp\/v2\/comments?post=11284"}],"version-history":[{"count":1,"href":"https:\/\/laserenaradio.cl\/web\/wp-json\/wp\/v2\/posts\/11284\/revisions"}],"predecessor-version":[{"id":11285,"href":"https:\/\/laserenaradio.cl\/web\/wp-json\/wp\/v2\/posts\/11284\/revisions\/11285"}],"wp:featuredmedia":[{"embeddable":true,"href":"https:\/\/laserenaradio.cl\/web\/wp-json\/wp\/v2\/media\/11283"}],"wp:attachment":[{"href":"https:\/\/laserenaradio.cl\/web\/wp-json\/wp\/v2\/media?parent=11284"}],"wp:term":[{"taxonomy":"category","embeddable":true,"href":"https:\/\/laserenaradio.cl\/web\/wp-json\/wp\/v2\/categories?post=11284"},{"taxonomy":"post_tag","embeddable":true,"href":"https:\/\/laserenaradio.cl\/web\/wp-json\/wp\/v2\/tags?post=11284"}],"curies":[{"name":"wp","href":"https:\/\/api.w.org\/{rel}","templated":true}]}}