{"id":11275,"date":"2025-02-07T14:23:51","date_gmt":"2025-02-07T17:23:51","guid":{"rendered":"https:\/\/laserenaradio.cl\/web\/?p=11275"},"modified":"2025-02-07T14:23:51","modified_gmt":"2025-02-07T17:23:51","slug":"pdg-prepara-lista-para-volver-a-congreso-con-pamela-jiles-y-otros-nombres","status":"publish","type":"post","link":"https:\/\/laserenaradio.cl\/web\/2025\/02\/07\/pdg-prepara-lista-para-volver-a-congreso-con-pamela-jiles-y-otros-nombres\/","title":{"rendered":"PDG prepara lista para volver a Congreso con Pamela Jiles y otros nombres"},"content":{"rendered":"<p><b>El Partido de la Gente (PDG) busca regresar al Congreso de Chile, luego que seis de sus diputados renunciaran por conflictos internos<\/b><!--more-->.<\/p>\n<p>Franco Parisi, l\u00edder del PDG, planea conformar una nueva lista electoral para la regi\u00f3n de Valpara\u00edso, donde podr\u00eda incluir a Pamela Jiles y Reinaldo &#8220;Choro&#8221; Navia.<\/p>\n<p>Seg\u00fan informes, Parisi ya sostuvo reuniones con estos candidatos potenciales, interesado en sumarlos a las filas del partido.<\/p>\n<p>La formaci\u00f3n tambi\u00e9n considera a otros dos exoficiales de la Armada y un abogado influyente en redes sociales para completar su lista.<\/p>\n","protected":false},"excerpt":{"rendered":"<p>El Partido de la Gente (PDG) busca regresar al Congreso de Chile, luego que seis de sus diputados renunciaran por conflictos internos<\/p>\n","protected":false},"author":2,"featured_media":11274,"comment_status":"closed","ping_status":"open","sticky":false,"template":"","format":"standard","meta":{"_jetpack_memberships_contains_paid_content":false,"jnews-multi-image_gallery":[],"jnews_single_post":[],"jnews_primary_category":[],"jnews_social_meta":[],"jnews_paywall_metabox":[],"jnews_review":[],"enable_review":"","type":"","name":"","summary":"","brand":"","sku":"","good":[],"bad":[],"score_override":"","override_value":"","rating":[],"price":[],"jnews_override_counter":[],"jnews_post_split":[],"footnotes":""},"categories":[83],"tags":[],"class_list":["post-11275","post","type-post","status-publish","format-standard","has-post-thumbnail","hentry","category-politica"],"jetpack_featured_media_url":"https:\/\/laserenaradio.cl\/web\/wp-content\/uploads\/2025\/02\/homepiaiextractoscrapimg_webplistaCongresoPamelaJilesotros_1.webp","jetpack_sharing_enabled":true,"_links":{"self":[{"href":"https:\/\/laserenaradio.cl\/web\/wp-json\/wp\/v2\/posts\/11275","targetHints":{"allow":["GET"]}}],"collection":[{"href":"https:\/\/laserenaradio.cl\/web\/wp-json\/wp\/v2\/posts"}],"about":[{"href":"https:\/\/laserenaradio.cl\/web\/wp-json\/wp\/v2\/types\/post"}],"author":[{"embeddable":true,"href":"https:\/\/laserenaradio.cl\/web\/wp-json\/wp\/v2\/users\/2"}],"replies":[{"embeddable":true,"href":"https:\/\/laserenaradio.cl\/web\/wp-json\/wp\/v2\/comments?post=11275"}],"version-history":[{"count":1,"href":"https:\/\/laserenaradio.cl\/web\/wp-json\/wp\/v2\/posts\/11275\/revisions"}],"predecessor-version":[{"id":11276,"href":"https:\/\/laserenaradio.cl\/web\/wp-json\/wp\/v2\/posts\/11275\/revisions\/11276"}],"wp:featuredmedia":[{"embeddable":true,"href":"https:\/\/laserenaradio.cl\/web\/wp-json\/wp\/v2\/media\/11274"}],"wp:attachment":[{"href":"https:\/\/laserenaradio.cl\/web\/wp-json\/wp\/v2\/media?parent=11275"}],"wp:term":[{"taxonomy":"category","embeddable":true,"href":"https:\/\/laserenaradio.cl\/web\/wp-json\/wp\/v2\/categories?post=11275"},{"taxonomy":"post_tag","embeddable":true,"href":"https:\/\/laserenaradio.cl\/web\/wp-json\/wp\/v2\/tags?post=11275"}],"curies":[{"name":"wp","href":"https:\/\/api.w.org\/{rel}","templated":true}]}}