{"id":11233,"date":"2025-02-05T23:22:31","date_gmt":"2025-02-06T02:22:31","guid":{"rendered":"https:\/\/laserenaradio.cl\/web\/?p=11233"},"modified":"2025-02-05T23:22:31","modified_gmt":"2025-02-06T02:22:31","slug":"kast-exige-a-boric-y-al-ministro-de-vivienda-que-expliquen-la-falta-de-respuestas-tras-el-megaincendio-en-valparaiso","status":"publish","type":"post","link":"https:\/\/laserenaradio.cl\/web\/2025\/02\/05\/kast-exige-a-boric-y-al-ministro-de-vivienda-que-expliquen-la-falta-de-respuestas-tras-el-megaincendio-en-valparaiso\/","title":{"rendered":"Kast exige a Boric y al Ministro de Vivienda que expliquen la falta de respuestas tras el megaincendio en Valpara\u00edso"},"content":{"rendered":"<p><b>A un a\u00f1o del megaincendio que afect\u00f3 a Valpara\u00edso y dej\u00f3 136 muertos, Jos\u00e9 Antonio Kast, l\u00edder del Partido Republicano, cuestion\u00f3 al presidente Gabriel Boric y exigi\u00f3 la renuncia del ministro del Minvu, Carlos Montes<\/b><!--more-->.<\/p>\n<p>Kast acus\u00f3 al gobierno de silencio e inacci\u00f3n, planteando que el Presidente debe ofrecer una disculpa p\u00fablica por su falta de reacci\u00f3n frente a la tragedia.<\/p>\n","protected":false},"excerpt":{"rendered":"<p>A un a\u00f1o del megaincendio que afect\u00f3 a Valpara\u00edso y dej\u00f3 136 muertos, Jos\u00e9 Antonio Kast, l\u00edder del Partido Republicano, cuestion\u00f3 al presidente Gabriel Boric y exigi\u00f3 la renuncia del ministro del Minvu, Carlos Montes<\/p>\n","protected":false},"author":2,"featured_media":11232,"comment_status":"closed","ping_status":"open","sticky":false,"template":"","format":"standard","meta":{"_jetpack_memberships_contains_paid_content":false,"jnews-multi-image_gallery":[],"jnews_single_post":[],"jnews_primary_category":[],"jnews_social_meta":[],"jnews_paywall_metabox":[],"jnews_review":[],"enable_review":"","type":"","name":"","summary":"","brand":"","sku":"","good":[],"bad":[],"score_override":"","override_value":"","rating":[],"price":[],"jnews_override_counter":[],"jnews_post_split":[],"footnotes":""},"categories":[83],"tags":[],"class_list":["post-11233","post","type-post","status-publish","format-standard","has-post-thumbnail","hentry","category-politica"],"jetpack_featured_media_url":"https:\/\/laserenaradio.cl\/web\/wp-content\/uploads\/2025\/02\/homepiaiextractoscrapimg_webpKastBoric_0.webp","jetpack_sharing_enabled":true,"_links":{"self":[{"href":"https:\/\/laserenaradio.cl\/web\/wp-json\/wp\/v2\/posts\/11233","targetHints":{"allow":["GET"]}}],"collection":[{"href":"https:\/\/laserenaradio.cl\/web\/wp-json\/wp\/v2\/posts"}],"about":[{"href":"https:\/\/laserenaradio.cl\/web\/wp-json\/wp\/v2\/types\/post"}],"author":[{"embeddable":true,"href":"https:\/\/laserenaradio.cl\/web\/wp-json\/wp\/v2\/users\/2"}],"replies":[{"embeddable":true,"href":"https:\/\/laserenaradio.cl\/web\/wp-json\/wp\/v2\/comments?post=11233"}],"version-history":[{"count":1,"href":"https:\/\/laserenaradio.cl\/web\/wp-json\/wp\/v2\/posts\/11233\/revisions"}],"predecessor-version":[{"id":11234,"href":"https:\/\/laserenaradio.cl\/web\/wp-json\/wp\/v2\/posts\/11233\/revisions\/11234"}],"wp:featuredmedia":[{"embeddable":true,"href":"https:\/\/laserenaradio.cl\/web\/wp-json\/wp\/v2\/media\/11232"}],"wp:attachment":[{"href":"https:\/\/laserenaradio.cl\/web\/wp-json\/wp\/v2\/media?parent=11233"}],"wp:term":[{"taxonomy":"category","embeddable":true,"href":"https:\/\/laserenaradio.cl\/web\/wp-json\/wp\/v2\/categories?post=11233"},{"taxonomy":"post_tag","embeddable":true,"href":"https:\/\/laserenaradio.cl\/web\/wp-json\/wp\/v2\/tags?post=11233"}],"curies":[{"name":"wp","href":"https:\/\/api.w.org\/{rel}","templated":true}]}}