{"id":11221,"date":"2025-02-05T17:57:00","date_gmt":"2025-02-05T20:57:00","guid":{"rendered":"https:\/\/laserenaradio.cl\/web\/?p=11221"},"modified":"2025-02-05T17:57:00","modified_gmt":"2025-02-05T20:57:00","slug":"la-hija-de-sebastian-pinera-habla-sobre-su-legado","status":"publish","type":"post","link":"https:\/\/laserenaradio.cl\/web\/2025\/02\/05\/la-hija-de-sebastian-pinera-habla-sobre-su-legado\/","title":{"rendered":"La hija de Sebasti\u00e1n Pi\u00f1era habla sobre su legado"},"content":{"rendered":"<p><b>Magdalena Pi\u00f1era Morel, hija del expresidente Sebasti\u00e1n Pi\u00f1era, habl\u00f3 sobre su padre en entrevista con La Tercera, en el aniversario del accidente que lo llev\u00f3 a la muerte<\/b><!--more-->.<\/p>\n<p>Respondi\u00f3 negativamente a posibilidades de ser parlamentaria y valor\u00f3 la alta popularidad de su padre entre los chilenos, seg\u00fan recientes encuestas.<\/p>\n<p>Aunque reconoci\u00f3 un vac\u00edo como l\u00edder en la pol\u00edtica chilena, destac\u00f3 el legado y las obras realizadas por Pi\u00f1era tanto como senador como presidente.<\/p>\n<p>Enfatiz\u00f3 su compromiso con el servicio p\u00fablico y su coherencia en temas de libertad y justicia social.<\/p>\n","protected":false},"excerpt":{"rendered":"<p>Magdalena Pi\u00f1era Morel, hija del expresidente Sebasti\u00e1n Pi\u00f1era, habl\u00f3 sobre su padre en entrevista con La Tercera, en el aniversario del accidente que lo llev\u00f3 a la muerte<\/p>\n","protected":false},"author":2,"featured_media":9077,"comment_status":"closed","ping_status":"open","sticky":false,"template":"","format":"standard","meta":{"_jetpack_memberships_contains_paid_content":false,"jnews-multi-image_gallery":[],"jnews_single_post":[],"jnews_primary_category":[],"jnews_social_meta":[],"jnews_paywall_metabox":[],"jnews_review":[],"enable_review":"","type":"","name":"","summary":"","brand":"","sku":"","good":[],"bad":[],"score_override":"","override_value":"","rating":[],"price":[],"jnews_override_counter":[],"jnews_post_split":[],"footnotes":""},"categories":[83],"tags":[],"class_list":["post-11221","post","type-post","status-publish","format-standard","has-post-thumbnail","hentry","category-politica"],"jetpack_featured_media_url":"https:\/\/laserenaradio.cl\/web\/wp-content\/uploads\/2024\/12\/laserenaradio_politica.webp","jetpack_sharing_enabled":true,"_links":{"self":[{"href":"https:\/\/laserenaradio.cl\/web\/wp-json\/wp\/v2\/posts\/11221","targetHints":{"allow":["GET"]}}],"collection":[{"href":"https:\/\/laserenaradio.cl\/web\/wp-json\/wp\/v2\/posts"}],"about":[{"href":"https:\/\/laserenaradio.cl\/web\/wp-json\/wp\/v2\/types\/post"}],"author":[{"embeddable":true,"href":"https:\/\/laserenaradio.cl\/web\/wp-json\/wp\/v2\/users\/2"}],"replies":[{"embeddable":true,"href":"https:\/\/laserenaradio.cl\/web\/wp-json\/wp\/v2\/comments?post=11221"}],"version-history":[{"count":1,"href":"https:\/\/laserenaradio.cl\/web\/wp-json\/wp\/v2\/posts\/11221\/revisions"}],"predecessor-version":[{"id":11222,"href":"https:\/\/laserenaradio.cl\/web\/wp-json\/wp\/v2\/posts\/11221\/revisions\/11222"}],"wp:featuredmedia":[{"embeddable":true,"href":"https:\/\/laserenaradio.cl\/web\/wp-json\/wp\/v2\/media\/9077"}],"wp:attachment":[{"href":"https:\/\/laserenaradio.cl\/web\/wp-json\/wp\/v2\/media?parent=11221"}],"wp:term":[{"taxonomy":"category","embeddable":true,"href":"https:\/\/laserenaradio.cl\/web\/wp-json\/wp\/v2\/categories?post=11221"},{"taxonomy":"post_tag","embeddable":true,"href":"https:\/\/laserenaradio.cl\/web\/wp-json\/wp\/v2\/tags?post=11221"}],"curies":[{"name":"wp","href":"https:\/\/api.w.org\/{rel}","templated":true}]}}