{"id":11216,"date":"2025-02-04T22:39:43","date_gmt":"2025-02-05T01:39:43","guid":{"rendered":"https:\/\/laserenaradio.cl\/web\/?p=11216"},"modified":"2025-02-04T22:39:43","modified_gmt":"2025-02-05T01:39:43","slug":"la-ministra-etcheverry-cuidemos-el-pais-no-le-digamos-esta-mal","status":"publish","type":"post","link":"https:\/\/laserenaradio.cl\/web\/2025\/02\/04\/la-ministra-etcheverry-cuidemos-el-pais-no-le-digamos-esta-mal\/","title":{"rendered":"La ministra Etcheverry: &#8220;Cuidemos el pa\u00eds, no le digamos &#8216;est\u00e1 mal'&#8221;"},"content":{"rendered":"<p><b>La ministra vocera de Gobierno, Ais\u00e9n Etcheverry, llam\u00f3 a todos los sectores pol\u00edticos para cuidar el pa\u00eds en un contexto de controversia entre el presidente Gabriel Boric y la candidata Evelyn Matthei<\/b><!--more-->.<\/p>\n<p>Matthei hab\u00eda afirmado que Chile estaba estancado durante un foro, mientras que posteriormente se revel\u00f3 que el crecimiento econ\u00f3mico alcanz\u00f3 6,6% en diciembre de 2024. Boric respondi\u00f3 con cr\u00edticas a las declaraciones de Matthei.<\/p>\n<p>Etcheverry defendi\u00f3 los logros del gobierno actual, comparando la pol\u00edtica favorable al crecimiento econ\u00f3mico con cuidar una planta o un ni\u00f1o. Resalt\u00f3 avances como energ\u00edas renovables y desarrollo tecnol\u00f3gico, y concluy\u00f3 pidiendo un apoyo pol\u00edtico m\u00e1s constructivo para el pa\u00eds.<\/p>\n","protected":false},"excerpt":{"rendered":"<p>La ministra vocera de Gobierno, Ais\u00e9n Etcheverry, llam\u00f3 a todos los sectores pol\u00edticos para cuidar el pa\u00eds en un contexto de controversia entre el presidente Gabriel Boric y la candidata Evelyn Matthei<\/p>\n","protected":false},"author":2,"featured_media":11215,"comment_status":"closed","ping_status":"open","sticky":false,"template":"","format":"standard","meta":{"_jetpack_memberships_contains_paid_content":false,"jnews-multi-image_gallery":[],"jnews_single_post":[],"jnews_primary_category":[],"jnews_social_meta":[],"jnews_paywall_metabox":[],"jnews_review":[],"enable_review":"","type":"","name":"","summary":"","brand":"","sku":"","good":[],"bad":[],"score_override":"","override_value":"","rating":[],"price":[],"jnews_override_counter":[],"jnews_post_split":[],"footnotes":""},"categories":[83],"tags":[],"class_list":["post-11216","post","type-post","status-publish","format-standard","has-post-thumbnail","hentry","category-politica"],"jetpack_featured_media_url":"https:\/\/laserenaradio.cl\/web\/wp-content\/uploads\/2025\/02\/homepiaiextractoscrapimg_webpEtcheverryministracuidarMatthei_1.webp","jetpack_sharing_enabled":true,"_links":{"self":[{"href":"https:\/\/laserenaradio.cl\/web\/wp-json\/wp\/v2\/posts\/11216","targetHints":{"allow":["GET"]}}],"collection":[{"href":"https:\/\/laserenaradio.cl\/web\/wp-json\/wp\/v2\/posts"}],"about":[{"href":"https:\/\/laserenaradio.cl\/web\/wp-json\/wp\/v2\/types\/post"}],"author":[{"embeddable":true,"href":"https:\/\/laserenaradio.cl\/web\/wp-json\/wp\/v2\/users\/2"}],"replies":[{"embeddable":true,"href":"https:\/\/laserenaradio.cl\/web\/wp-json\/wp\/v2\/comments?post=11216"}],"version-history":[{"count":1,"href":"https:\/\/laserenaradio.cl\/web\/wp-json\/wp\/v2\/posts\/11216\/revisions"}],"predecessor-version":[{"id":11217,"href":"https:\/\/laserenaradio.cl\/web\/wp-json\/wp\/v2\/posts\/11216\/revisions\/11217"}],"wp:featuredmedia":[{"embeddable":true,"href":"https:\/\/laserenaradio.cl\/web\/wp-json\/wp\/v2\/media\/11215"}],"wp:attachment":[{"href":"https:\/\/laserenaradio.cl\/web\/wp-json\/wp\/v2\/media?parent=11216"}],"wp:term":[{"taxonomy":"category","embeddable":true,"href":"https:\/\/laserenaradio.cl\/web\/wp-json\/wp\/v2\/categories?post=11216"},{"taxonomy":"post_tag","embeddable":true,"href":"https:\/\/laserenaradio.cl\/web\/wp-json\/wp\/v2\/tags?post=11216"}],"curies":[{"name":"wp","href":"https:\/\/api.w.org\/{rel}","templated":true}]}}