{"id":11213,"date":"2025-02-04T22:36:56","date_gmt":"2025-02-05T01:36:56","guid":{"rendered":"https:\/\/laserenaradio.cl\/web\/?p=11213"},"modified":"2025-02-04T22:36:56","modified_gmt":"2025-02-05T01:36:56","slug":"gabriel-boric-se-refirio-a-las-ultimas-cifras-economicas-y-afirmo-que-el-crecimiento-del-2024-es-el-mayor-en-11-anos","status":"publish","type":"post","link":"https:\/\/laserenaradio.cl\/web\/2025\/02\/04\/gabriel-boric-se-refirio-a-las-ultimas-cifras-economicas-y-afirmo-que-el-crecimiento-del-2024-es-el-mayor-en-11-anos\/","title":{"rendered":"Gabriel Boric se refiri\u00f3 a las \u00faltimas cifras econ\u00f3micas y afirm\u00f3 que el crecimiento del 2024 es el \u201cmayor en 11 a\u00f1os\u201d"},"content":{"rendered":"<p><b>El presidente Gabriel Boric afirm\u00f3 que la econom\u00eda chilena experimentar\u00e1 un crecimiento del 2,5% en 2024, describi\u00e9ndolo como &#8220;el mayor en 11 a\u00f1os&#8221;<\/b><!--more-->.<\/p>\n<p>Sin embargo, esta afirmaci\u00f3n es incorrecta. En 2018, el PIB creci\u00f3 un 4,0%, superior a la proyecci\u00f3n actual.<\/p>\n<p>Excluyendo 2021, se podr\u00eda hablar del mayor avance en seis a\u00f1os.<\/p>\n<p>Boric justific\u00f3 su afirmaci\u00f3n diciendo que este es &#8220;el mayor crecimiento en 11 a\u00f1os&#8221;, excluyendo el a\u00f1o 2021 de los c\u00e1lculos debido a la recesi\u00f3n causada por la pandemia.<\/p>\n<p>Los datos hist\u00f3ricos del Banco Central muestran que el PIB vari\u00f3 4,0% en 2018, siendo este el mayor crecimiento desde entonces.<\/p>\n<p>Las declaraciones se dieron en respuesta a cr\u00edticas de Evelyn Matthei, quien argumenta que el gobierno est\u00e1 llevando al pa\u00eds a una peor situaci\u00f3n econ\u00f3mica desde los a\u00f1os 90.<\/p>\n<p>Boric enfatiz\u00f3 la confianza en el potencial econ\u00f3mico del pa\u00eds sobre la base solo de cifras y n\u00fameros.<\/p>\n","protected":false},"excerpt":{"rendered":"<p>El presidente Gabriel Boric afirm\u00f3 que la econom\u00eda chilena experimentar\u00e1 un crecimiento del 2,5% en 2024, describi\u00e9ndolo como &#8220;el mayor en 11 a\u00f1os&#8221;<\/p>\n","protected":false},"author":2,"featured_media":11212,"comment_status":"closed","ping_status":"open","sticky":false,"template":"","format":"standard","meta":{"_jetpack_memberships_contains_paid_content":false,"jnews-multi-image_gallery":[],"jnews_single_post":[],"jnews_primary_category":[],"jnews_social_meta":[],"jnews_paywall_metabox":[],"jnews_review":[],"enable_review":"","type":"","name":"","summary":"","brand":"","sku":"","good":[],"bad":[],"score_override":"","override_value":"","rating":[],"price":[],"jnews_override_counter":[],"jnews_post_split":[],"footnotes":""},"categories":[83],"tags":[],"class_list":["post-11213","post","type-post","status-publish","format-standard","has-post-thumbnail","hentry","category-politica"],"jetpack_featured_media_url":"https:\/\/laserenaradio.cl\/web\/wp-content\/uploads\/2025\/02\/homepiaiextractoscrapimg_webpmayorcrecimientoGabrielBoricBoric_1.webp","jetpack_sharing_enabled":true,"_links":{"self":[{"href":"https:\/\/laserenaradio.cl\/web\/wp-json\/wp\/v2\/posts\/11213","targetHints":{"allow":["GET"]}}],"collection":[{"href":"https:\/\/laserenaradio.cl\/web\/wp-json\/wp\/v2\/posts"}],"about":[{"href":"https:\/\/laserenaradio.cl\/web\/wp-json\/wp\/v2\/types\/post"}],"author":[{"embeddable":true,"href":"https:\/\/laserenaradio.cl\/web\/wp-json\/wp\/v2\/users\/2"}],"replies":[{"embeddable":true,"href":"https:\/\/laserenaradio.cl\/web\/wp-json\/wp\/v2\/comments?post=11213"}],"version-history":[{"count":1,"href":"https:\/\/laserenaradio.cl\/web\/wp-json\/wp\/v2\/posts\/11213\/revisions"}],"predecessor-version":[{"id":11214,"href":"https:\/\/laserenaradio.cl\/web\/wp-json\/wp\/v2\/posts\/11213\/revisions\/11214"}],"wp:featuredmedia":[{"embeddable":true,"href":"https:\/\/laserenaradio.cl\/web\/wp-json\/wp\/v2\/media\/11212"}],"wp:attachment":[{"href":"https:\/\/laserenaradio.cl\/web\/wp-json\/wp\/v2\/media?parent=11213"}],"wp:term":[{"taxonomy":"category","embeddable":true,"href":"https:\/\/laserenaradio.cl\/web\/wp-json\/wp\/v2\/categories?post=11213"},{"taxonomy":"post_tag","embeddable":true,"href":"https:\/\/laserenaradio.cl\/web\/wp-json\/wp\/v2\/tags?post=11213"}],"curies":[{"name":"wp","href":"https:\/\/api.w.org\/{rel}","templated":true}]}}