{"id":11207,"date":"2025-02-04T22:29:25","date_gmt":"2025-02-05T01:29:25","guid":{"rendered":"https:\/\/laserenaradio.cl\/web\/?p=11207"},"modified":"2025-02-04T22:29:25","modified_gmt":"2025-02-05T01:29:25","slug":"la-udi-lidera-llamado-a-realizar-una-primaria-en-la-oposicion-y-armar-una-sola-candidatura-presidencial","status":"publish","type":"post","link":"https:\/\/laserenaradio.cl\/web\/2025\/02\/04\/la-udi-lidera-llamado-a-realizar-una-primaria-en-la-oposicion-y-armar-una-sola-candidatura-presidencial\/","title":{"rendered":"La UDI lidera llamado a realizar una primaria en la oposici\u00f3n y armar una sola candidatura presidencial"},"content":{"rendered":"<p><b>La UDI reitera el llamado a una primaria opositora amplia para unir la candidatura presidencial y lograr mayor\u00eda parlamentaria<\/b><!--more-->.<\/p>\n<p>El timonel del gremialismo afirma que esta oportunidad \u00fanica puede llevar al pa\u00eds al crecimiento econ\u00f3mico, generaci\u00f3n de empleo y aumento salarial.<\/p>\n<p>Asegura que en caso de dispersi\u00f3n en la derecha se regalar\u00e1 el triunfo a la izquierda.<\/p>\n<p>Sugiere una coalici\u00f3n entre ciertos sectores para competir en igualdad de condiciones, garantizando mayor\u00eda parlamentaria y espera que todas las fuerzas opositoras hagan los esfuerzos necesarios para lograrlo.<\/p>\n","protected":false},"excerpt":{"rendered":"<p>La UDI reitera el llamado a una primaria opositora amplia para unir la candidatura presidencial y lograr mayor\u00eda parlamentaria<\/p>\n","protected":false},"author":2,"featured_media":9077,"comment_status":"closed","ping_status":"open","sticky":false,"template":"","format":"standard","meta":{"_jetpack_memberships_contains_paid_content":false,"jnews-multi-image_gallery":[],"jnews_single_post":[],"jnews_primary_category":[],"jnews_social_meta":[],"jnews_paywall_metabox":[],"jnews_review":[],"enable_review":"","type":"","name":"","summary":"","brand":"","sku":"","good":[],"bad":[],"score_override":"","override_value":"","rating":[],"price":[],"jnews_override_counter":[],"jnews_post_split":[],"footnotes":""},"categories":[83],"tags":[],"class_list":["post-11207","post","type-post","status-publish","format-standard","has-post-thumbnail","hentry","category-politica"],"jetpack_featured_media_url":"https:\/\/laserenaradio.cl\/web\/wp-content\/uploads\/2024\/12\/laserenaradio_politica.webp","jetpack_sharing_enabled":true,"_links":{"self":[{"href":"https:\/\/laserenaradio.cl\/web\/wp-json\/wp\/v2\/posts\/11207","targetHints":{"allow":["GET"]}}],"collection":[{"href":"https:\/\/laserenaradio.cl\/web\/wp-json\/wp\/v2\/posts"}],"about":[{"href":"https:\/\/laserenaradio.cl\/web\/wp-json\/wp\/v2\/types\/post"}],"author":[{"embeddable":true,"href":"https:\/\/laserenaradio.cl\/web\/wp-json\/wp\/v2\/users\/2"}],"replies":[{"embeddable":true,"href":"https:\/\/laserenaradio.cl\/web\/wp-json\/wp\/v2\/comments?post=11207"}],"version-history":[{"count":1,"href":"https:\/\/laserenaradio.cl\/web\/wp-json\/wp\/v2\/posts\/11207\/revisions"}],"predecessor-version":[{"id":11208,"href":"https:\/\/laserenaradio.cl\/web\/wp-json\/wp\/v2\/posts\/11207\/revisions\/11208"}],"wp:featuredmedia":[{"embeddable":true,"href":"https:\/\/laserenaradio.cl\/web\/wp-json\/wp\/v2\/media\/9077"}],"wp:attachment":[{"href":"https:\/\/laserenaradio.cl\/web\/wp-json\/wp\/v2\/media?parent=11207"}],"wp:term":[{"taxonomy":"category","embeddable":true,"href":"https:\/\/laserenaradio.cl\/web\/wp-json\/wp\/v2\/categories?post=11207"},{"taxonomy":"post_tag","embeddable":true,"href":"https:\/\/laserenaradio.cl\/web\/wp-json\/wp\/v2\/tags?post=11207"}],"curies":[{"name":"wp","href":"https:\/\/api.w.org\/{rel}","templated":true}]}}