{"id":11193,"date":"2025-02-03T23:33:35","date_gmt":"2025-02-04T02:33:35","guid":{"rendered":"https:\/\/laserenaradio.cl\/web\/?p=11193"},"modified":"2025-02-03T23:33:35","modified_gmt":"2025-02-04T02:33:35","slug":"el-presidente-gabriel-boric-rompe-su-silencio-con-los-medios-luego-de-108-dias-sin-respuesta-a-preguntas-periodisticas","status":"publish","type":"post","link":"https:\/\/laserenaradio.cl\/web\/2025\/02\/03\/el-presidente-gabriel-boric-rompe-su-silencio-con-los-medios-luego-de-108-dias-sin-respuesta-a-preguntas-periodisticas\/","title":{"rendered":"El Presidente Gabriel Boric rompe su silencio con los medios luego de 108 d\u00edas sin respuesta a preguntas period\u00edsticas"},"content":{"rendered":"<p><b>El Presidente Gabriel Boric rompi\u00f3 su silencio despu\u00e9s de 108 d\u00edas el lunes 8 de febrero, durante un encuentro con Pepe Mujica en Uruguay<\/b><!--more-->.<\/p>\n<p>Esta reaparici\u00f3n medi\u00e1tica se produjo con una serie de preguntas sobre temas de pol\u00edtica exterior, principalmente relacionados con las relaciones exteriores y la reforma de pensiones.<\/p>\n<p>Seg\u00fan Marco Moreno, analista pol\u00edtico, esta estrategia comunicacional ha sido efectiva para no complicar las relaciones con la oposici\u00f3n y permitir la aprobaci\u00f3n de la reforma de pensiones.<\/p>\n<p>La aprobaci\u00f3n del Presidente en encuestas como la de Cadem nunca ha ca\u00eddo por debajo del 26%.<\/p>\n<p>Boric se ha mostrado cuidadoso con sus declaraciones, prefiriendo comunicados oficiales y apariciones limitadas, posiblemente para evitar polarizaci\u00f3n afectiva.<\/p>\n<p>Este &#8220;dosificado&#8221; de apariciones p\u00fablicas podr\u00eda ser la futura estrategia del Presidente para su \u00faltima etapa en el cargo.<\/p>\n","protected":false},"excerpt":{"rendered":"<p>El Presidente Gabriel Boric rompi\u00f3 su silencio despu\u00e9s de 108 d\u00edas el lunes 8 de febrero, durante un encuentro con Pepe Mujica en Uruguay<\/p>\n","protected":false},"author":2,"featured_media":11192,"comment_status":"closed","ping_status":"open","sticky":false,"template":"","format":"standard","meta":{"_jetpack_memberships_contains_paid_content":false,"jnews-multi-image_gallery":[],"jnews_single_post":[],"jnews_primary_category":[],"jnews_social_meta":[],"jnews_paywall_metabox":[],"jnews_review":[],"enable_review":"","type":"","name":"","summary":"","brand":"","sku":"","good":[],"bad":[],"score_override":"","override_value":"","rating":[],"price":[],"jnews_override_counter":[],"jnews_post_split":[],"footnotes":""},"categories":[83],"tags":[],"class_list":["post-11193","post","type-post","status-publish","format-standard","has-post-thumbnail","hentry","category-politica"],"jetpack_featured_media_url":"https:\/\/laserenaradio.cl\/web\/wp-content\/uploads\/2025\/02\/homepiaiextractoscrapimg_webpPresidenteGabriel_1.webp","jetpack_sharing_enabled":true,"_links":{"self":[{"href":"https:\/\/laserenaradio.cl\/web\/wp-json\/wp\/v2\/posts\/11193","targetHints":{"allow":["GET"]}}],"collection":[{"href":"https:\/\/laserenaradio.cl\/web\/wp-json\/wp\/v2\/posts"}],"about":[{"href":"https:\/\/laserenaradio.cl\/web\/wp-json\/wp\/v2\/types\/post"}],"author":[{"embeddable":true,"href":"https:\/\/laserenaradio.cl\/web\/wp-json\/wp\/v2\/users\/2"}],"replies":[{"embeddable":true,"href":"https:\/\/laserenaradio.cl\/web\/wp-json\/wp\/v2\/comments?post=11193"}],"version-history":[{"count":1,"href":"https:\/\/laserenaradio.cl\/web\/wp-json\/wp\/v2\/posts\/11193\/revisions"}],"predecessor-version":[{"id":11194,"href":"https:\/\/laserenaradio.cl\/web\/wp-json\/wp\/v2\/posts\/11193\/revisions\/11194"}],"wp:featuredmedia":[{"embeddable":true,"href":"https:\/\/laserenaradio.cl\/web\/wp-json\/wp\/v2\/media\/11192"}],"wp:attachment":[{"href":"https:\/\/laserenaradio.cl\/web\/wp-json\/wp\/v2\/media?parent=11193"}],"wp:term":[{"taxonomy":"category","embeddable":true,"href":"https:\/\/laserenaradio.cl\/web\/wp-json\/wp\/v2\/categories?post=11193"},{"taxonomy":"post_tag","embeddable":true,"href":"https:\/\/laserenaradio.cl\/web\/wp-json\/wp\/v2\/tags?post=11193"}],"curies":[{"name":"wp","href":"https:\/\/api.w.org\/{rel}","templated":true}]}}