{"id":11117,"date":"2025-02-01T22:34:34","date_gmt":"2025-02-02T01:34:34","guid":{"rendered":"https:\/\/laserenaradio.cl\/web\/?p=11117"},"modified":"2025-02-01T22:34:34","modified_gmt":"2025-02-02T01:34:34","slug":"el-gobierno-chileno-se-defiende-frente-al-riesgo-de-perder-la-visa-waiver-en-estados-unidos","status":"publish","type":"post","link":"https:\/\/laserenaradio.cl\/web\/2025\/02\/01\/el-gobierno-chileno-se-defiende-frente-al-riesgo-de-perder-la-visa-waiver-en-estados-unidos\/","title":{"rendered":"El gobierno chileno se defiende frente al riesgo de perder la Visa Waiver en Estados Unidos"},"content":{"rendered":"<p><b>El senador Iv\u00e1n Moreira emplaza al gobierno a cambiar al embajador de Chile en Estados Unidos, Juan Gabriel Vald\u00e9s, debido a su apoyo a la campa\u00f1a presidencial de Kamala Harris<\/b><!--more-->.<\/p>\n<p>Esta solicitud surge en el contexto de una posible suspensi\u00f3n inmediata del programa Visa Waiver para Chile por parte de EE.UU., solicitada por un fiscal y 11 diputados republicanos, quienes acusan a Chile de no proporcionar informaci\u00f3n sobre los antecedentes penales de sus ciudadanos desde 2013.<\/p>\n<p>El canciller Alberto van Klaveren afirm\u00f3 que el gobierno trabaja para mantener este beneficio y asegurar la provisi\u00f3n de toda la informaci\u00f3n requerida por EE.UU.<\/p>\n","protected":false},"excerpt":{"rendered":"<p>El senador Iv\u00e1n Moreira emplaza al gobierno a cambiar al embajador de Chile en Estados Unidos, Juan Gabriel Vald\u00e9s, debido a su apoyo a la campa\u00f1a presidencial de Kamala Harris<\/p>\n","protected":false},"author":2,"featured_media":11116,"comment_status":"closed","ping_status":"open","sticky":false,"template":"","format":"standard","meta":{"_jetpack_memberships_contains_paid_content":false,"jnews-multi-image_gallery":[],"jnews_single_post":[],"jnews_primary_category":[],"jnews_social_meta":[],"jnews_paywall_metabox":[],"jnews_review":[],"enable_review":"","type":"","name":"","summary":"","brand":"","sku":"","good":[],"bad":[],"score_override":"","override_value":"","rating":[],"price":[],"jnews_override_counter":[],"jnews_post_split":[],"footnotes":""},"categories":[83],"tags":[],"class_list":["post-11117","post","type-post","status-publish","format-standard","has-post-thumbnail","hentry","category-politica"],"jetpack_featured_media_url":"https:\/\/laserenaradio.cl\/web\/wp-content\/uploads\/2025\/02\/homepiaiextractoscrapimg_webpVisaWaiver_1.webp","jetpack_sharing_enabled":true,"_links":{"self":[{"href":"https:\/\/laserenaradio.cl\/web\/wp-json\/wp\/v2\/posts\/11117","targetHints":{"allow":["GET"]}}],"collection":[{"href":"https:\/\/laserenaradio.cl\/web\/wp-json\/wp\/v2\/posts"}],"about":[{"href":"https:\/\/laserenaradio.cl\/web\/wp-json\/wp\/v2\/types\/post"}],"author":[{"embeddable":true,"href":"https:\/\/laserenaradio.cl\/web\/wp-json\/wp\/v2\/users\/2"}],"replies":[{"embeddable":true,"href":"https:\/\/laserenaradio.cl\/web\/wp-json\/wp\/v2\/comments?post=11117"}],"version-history":[{"count":1,"href":"https:\/\/laserenaradio.cl\/web\/wp-json\/wp\/v2\/posts\/11117\/revisions"}],"predecessor-version":[{"id":11118,"href":"https:\/\/laserenaradio.cl\/web\/wp-json\/wp\/v2\/posts\/11117\/revisions\/11118"}],"wp:featuredmedia":[{"embeddable":true,"href":"https:\/\/laserenaradio.cl\/web\/wp-json\/wp\/v2\/media\/11116"}],"wp:attachment":[{"href":"https:\/\/laserenaradio.cl\/web\/wp-json\/wp\/v2\/media?parent=11117"}],"wp:term":[{"taxonomy":"category","embeddable":true,"href":"https:\/\/laserenaradio.cl\/web\/wp-json\/wp\/v2\/categories?post=11117"},{"taxonomy":"post_tag","embeddable":true,"href":"https:\/\/laserenaradio.cl\/web\/wp-json\/wp\/v2\/tags?post=11117"}],"curies":[{"name":"wp","href":"https:\/\/api.w.org\/{rel}","templated":true}]}}