{"id":11076,"date":"2025-01-31T15:20:57","date_gmt":"2025-01-31T18:20:57","guid":{"rendered":"https:\/\/laserenaradio.cl\/web\/?p=11076"},"modified":"2025-01-31T17:12:53","modified_gmt":"2025-01-31T20:12:53","slug":"el-diputado-gonzalo-winter-se-mostro-disponible-para-presidir-la-camara-de-diputados-tras-renuncia-de-karol-cariola","status":"publish","type":"post","link":"https:\/\/laserenaradio.cl\/web\/2025\/01\/31\/el-diputado-gonzalo-winter-se-mostro-disponible-para-presidir-la-camara-de-diputados-tras-renuncia-de-karol-cariola\/","title":{"rendered":"El diputado Gonzalo Winter se mostr\u00f3 disponible para presidir la C\u00e1mara de Diputados tras renuncia de Karol Cariola"},"content":{"rendered":"<p><b>El diputado Gonzalo Winter del Frente Amplio expres\u00f3 su disposici\u00f3n para asumir la presidencia de la C\u00e1mara Baja cuando Karol Cariola (Partido Comunista) termine su mandato el 16 de abril<\/b><!--more-->.<\/p>\n<p>Esta posibilidad surge tras una posible decisi\u00f3n interna del gobierno de postular al parlamentario Frente Amplista. La designaci\u00f3n se ajustar\u00eda a un acuerdo administrativo.<\/p>\n<p>Winter argument\u00f3 que su intenci\u00f3n es servir a su pa\u00eds donde sea necesario.<\/p>\n<p>Las pretensiones de su partido podr\u00edan beneficiarse ya que algunos legisladores evitan ocupar la presidencia durante el \u00faltimo a\u00f1o del per\u00edodo legislativo para dedicar m\u00e1s tiempo a sus distritos, especialmente si buscan reelecci\u00f3n.<\/p>\n","protected":false},"excerpt":{"rendered":"<p>El diputado Gonzalo Winter del Frente Amplio expres\u00f3 su disposici\u00f3n para asumir la presidencia de la C\u00e1mara Baja cuando Karol Cariola (Partido Comunista) termine su mandato el 16 de abril<\/p>\n","protected":false},"author":2,"featured_media":11075,"comment_status":"closed","ping_status":"open","sticky":false,"template":"","format":"standard","meta":{"_jetpack_memberships_contains_paid_content":false,"jnews-multi-image_gallery":[],"jnews_single_post":[],"jnews_primary_category":[],"jnews_social_meta":[],"jnews_paywall_metabox":[],"jnews_review":[],"enable_review":"","type":"","name":"","summary":"","brand":"","sku":"","good":[],"bad":[],"score_override":"","override_value":"","rating":[],"price":[],"jnews_override_counter":[],"jnews_post_split":[],"footnotes":""},"categories":[83],"tags":[],"class_list":["post-11076","post","type-post","status-publish","format-standard","has-post-thumbnail","hentry","category-politica"],"jetpack_featured_media_url":"https:\/\/laserenaradio.cl\/web\/wp-content\/uploads\/2025\/01\/homepiaiextractoscrapimg_webpGonzaloWinter_1.webp","jetpack_sharing_enabled":true,"_links":{"self":[{"href":"https:\/\/laserenaradio.cl\/web\/wp-json\/wp\/v2\/posts\/11076","targetHints":{"allow":["GET"]}}],"collection":[{"href":"https:\/\/laserenaradio.cl\/web\/wp-json\/wp\/v2\/posts"}],"about":[{"href":"https:\/\/laserenaradio.cl\/web\/wp-json\/wp\/v2\/types\/post"}],"author":[{"embeddable":true,"href":"https:\/\/laserenaradio.cl\/web\/wp-json\/wp\/v2\/users\/2"}],"replies":[{"embeddable":true,"href":"https:\/\/laserenaradio.cl\/web\/wp-json\/wp\/v2\/comments?post=11076"}],"version-history":[{"count":1,"href":"https:\/\/laserenaradio.cl\/web\/wp-json\/wp\/v2\/posts\/11076\/revisions"}],"predecessor-version":[{"id":11077,"href":"https:\/\/laserenaradio.cl\/web\/wp-json\/wp\/v2\/posts\/11076\/revisions\/11077"}],"wp:featuredmedia":[{"embeddable":true,"href":"https:\/\/laserenaradio.cl\/web\/wp-json\/wp\/v2\/media\/11075"}],"wp:attachment":[{"href":"https:\/\/laserenaradio.cl\/web\/wp-json\/wp\/v2\/media?parent=11076"}],"wp:term":[{"taxonomy":"category","embeddable":true,"href":"https:\/\/laserenaradio.cl\/web\/wp-json\/wp\/v2\/categories?post=11076"},{"taxonomy":"post_tag","embeddable":true,"href":"https:\/\/laserenaradio.cl\/web\/wp-json\/wp\/v2\/tags?post=11076"}],"curies":[{"name":"wp","href":"https:\/\/api.w.org\/{rel}","templated":true}]}}