{"id":11064,"date":"2025-01-31T12:37:52","date_gmt":"2025-01-31T15:37:52","guid":{"rendered":"https:\/\/laserenaradio.cl\/web\/?p=11064"},"modified":"2025-01-31T17:14:22","modified_gmt":"2025-01-31T20:14:22","slug":"el-diputado-agustin-romero-denuncia-fractura-profunda-tras-acuerdo-politico-por-reforma-previsional","status":"publish","type":"post","link":"https:\/\/laserenaradio.cl\/web\/2025\/01\/31\/el-diputado-agustin-romero-denuncia-fractura-profunda-tras-acuerdo-politico-por-reforma-previsional\/","title":{"rendered":"El diputado Agust\u00edn Romero denuncia &#8216;fractura profunda&#8217; tras acuerdo pol\u00edtico por reforma previsional"},"content":{"rendered":"<p><b>El diputado Agust\u00edn Romero, del Partido Republicano, critic\u00f3 el acuerdo alcanzado entre Chile Vamos y el Ejecutivo para aprobar la reforma previsional<\/b><!--more-->.<\/p>\n<p>Romero argument\u00f3 que este tipo de acuerdos pueden perjudicar a la econom\u00eda y a la educaci\u00f3n, y enfatiz\u00f3 que el incremento del 2,5% en los seguros no debe considerarse un riesgo debido al sexo.<\/p>\n<p>Adem\u00e1s, se\u00f1al\u00f3 que la reforma no se trat\u00f3 como una verdadera reforma previsional sino m\u00e1s bien como un acuerdo pol\u00edtico.<\/p>\n<p>Romero resalt\u00f3 la necesidad de que la solidaridad se realice mediante impuestos y no a trav\u00e9s del dinero de los trabajadores.<\/p>\n","protected":false},"excerpt":{"rendered":"<p>El diputado Agust\u00edn Romero, del Partido Republicano, critic\u00f3 el acuerdo alcanzado entre Chile Vamos y el Ejecutivo para aprobar la reforma previsional<\/p>\n","protected":false},"author":2,"featured_media":9077,"comment_status":"closed","ping_status":"open","sticky":false,"template":"","format":"standard","meta":{"_jetpack_memberships_contains_paid_content":false,"jnews-multi-image_gallery":[],"jnews_single_post":[],"jnews_primary_category":[],"jnews_social_meta":[],"jnews_paywall_metabox":[],"jnews_review":[],"enable_review":"","type":"","name":"","summary":"","brand":"","sku":"","good":[],"bad":[],"score_override":"","override_value":"","rating":[],"price":[],"jnews_override_counter":[],"jnews_post_split":[],"footnotes":""},"categories":[83],"tags":[],"class_list":["post-11064","post","type-post","status-publish","format-standard","has-post-thumbnail","hentry","category-politica"],"jetpack_featured_media_url":"https:\/\/laserenaradio.cl\/web\/wp-content\/uploads\/2024\/12\/laserenaradio_politica.webp","jetpack_sharing_enabled":true,"_links":{"self":[{"href":"https:\/\/laserenaradio.cl\/web\/wp-json\/wp\/v2\/posts\/11064","targetHints":{"allow":["GET"]}}],"collection":[{"href":"https:\/\/laserenaradio.cl\/web\/wp-json\/wp\/v2\/posts"}],"about":[{"href":"https:\/\/laserenaradio.cl\/web\/wp-json\/wp\/v2\/types\/post"}],"author":[{"embeddable":true,"href":"https:\/\/laserenaradio.cl\/web\/wp-json\/wp\/v2\/users\/2"}],"replies":[{"embeddable":true,"href":"https:\/\/laserenaradio.cl\/web\/wp-json\/wp\/v2\/comments?post=11064"}],"version-history":[{"count":1,"href":"https:\/\/laserenaradio.cl\/web\/wp-json\/wp\/v2\/posts\/11064\/revisions"}],"predecessor-version":[{"id":11065,"href":"https:\/\/laserenaradio.cl\/web\/wp-json\/wp\/v2\/posts\/11064\/revisions\/11065"}],"wp:featuredmedia":[{"embeddable":true,"href":"https:\/\/laserenaradio.cl\/web\/wp-json\/wp\/v2\/media\/9077"}],"wp:attachment":[{"href":"https:\/\/laserenaradio.cl\/web\/wp-json\/wp\/v2\/media?parent=11064"}],"wp:term":[{"taxonomy":"category","embeddable":true,"href":"https:\/\/laserenaradio.cl\/web\/wp-json\/wp\/v2\/categories?post=11064"},{"taxonomy":"post_tag","embeddable":true,"href":"https:\/\/laserenaradio.cl\/web\/wp-json\/wp\/v2\/tags?post=11064"}],"curies":[{"name":"wp","href":"https:\/\/api.w.org\/{rel}","templated":true}]}}