{"id":11059,"date":"2025-01-31T11:27:07","date_gmt":"2025-01-31T14:27:07","guid":{"rendered":"https:\/\/laserenaradio.cl\/web\/?p=11059"},"modified":"2025-01-31T17:14:45","modified_gmt":"2025-01-31T20:14:45","slug":"partido-republicano-de-chile-anuncia-ofensiva-mediatica-contra-reforma-de-pensiones","status":"publish","type":"post","link":"https:\/\/laserenaradio.cl\/web\/2025\/01\/31\/partido-republicano-de-chile-anuncia-ofensiva-mediatica-contra-reforma-de-pensiones\/","title":{"rendered":"Partido Republicano de Chile anuncia ofensiva medi\u00e1tica contra reforma de pensiones"},"content":{"rendered":"<p><b>Jos\u00e9 Antonio Kast, l\u00edder del Partido Republicano en Chile, ha anunciado que su partido comenzar\u00e1 una campa\u00f1a digital el viernes con el lema #ChaoPrestamo<\/b><!--more-->.<\/p>\n<p>Esta iniciativa est\u00e1 destinada a luchar contra la reforma de pensiones aprobada recientemente, espec\u00edficamente contra lo que llaman el &#8220;pr\u00e9stamo forzoso&#8221; del 1,5% de las cotizaciones.<\/p>\n<p>Kast busca derogar este aspecto y planea utilizar una ofensiva medi\u00e1tica para promover su programa de &#8220;shock&#8221;.<\/p>\n<p>La campa\u00f1a marcar\u00e1 tambi\u00e9n el inicio de sus esfuerzos para llegar al poder en 2025.<\/p>\n","protected":false},"excerpt":{"rendered":"<p>Jos\u00e9 Antonio Kast, l\u00edder del Partido Republicano en Chile, ha anunciado que su partido comenzar\u00e1 una campa\u00f1a digital el viernes con el lema #ChaoPrestamo<\/p>\n","protected":false},"author":2,"featured_media":11058,"comment_status":"closed","ping_status":"open","sticky":false,"template":"","format":"standard","meta":{"_jetpack_memberships_contains_paid_content":false,"jnews-multi-image_gallery":[],"jnews_single_post":{"format":"standard"},"jnews_primary_category":[],"jnews_social_meta":[],"jnews_paywall_metabox":[],"jnews_review":[],"enable_review":"","type":"","name":"","summary":"","brand":"","sku":"","good":[],"bad":[],"score_override":"","override_value":"","rating":[],"price":[],"jnews_override_counter":[],"jnews_post_split":[],"footnotes":""},"categories":[83],"tags":[],"class_list":["post-11059","post","type-post","status-publish","format-standard","has-post-thumbnail","hentry","category-politica"],"jetpack_featured_media_url":"https:\/\/laserenaradio.cl\/web\/wp-content\/uploads\/2025\/01\/homepiaiextractoscrapimg_webpcontraPartidoRepublicanoChilereforma_1.webp","jetpack_sharing_enabled":true,"_links":{"self":[{"href":"https:\/\/laserenaradio.cl\/web\/wp-json\/wp\/v2\/posts\/11059","targetHints":{"allow":["GET"]}}],"collection":[{"href":"https:\/\/laserenaradio.cl\/web\/wp-json\/wp\/v2\/posts"}],"about":[{"href":"https:\/\/laserenaradio.cl\/web\/wp-json\/wp\/v2\/types\/post"}],"author":[{"embeddable":true,"href":"https:\/\/laserenaradio.cl\/web\/wp-json\/wp\/v2\/users\/2"}],"replies":[{"embeddable":true,"href":"https:\/\/laserenaradio.cl\/web\/wp-json\/wp\/v2\/comments?post=11059"}],"version-history":[{"count":1,"href":"https:\/\/laserenaradio.cl\/web\/wp-json\/wp\/v2\/posts\/11059\/revisions"}],"predecessor-version":[{"id":11060,"href":"https:\/\/laserenaradio.cl\/web\/wp-json\/wp\/v2\/posts\/11059\/revisions\/11060"}],"wp:featuredmedia":[{"embeddable":true,"href":"https:\/\/laserenaradio.cl\/web\/wp-json\/wp\/v2\/media\/11058"}],"wp:attachment":[{"href":"https:\/\/laserenaradio.cl\/web\/wp-json\/wp\/v2\/media?parent=11059"}],"wp:term":[{"taxonomy":"category","embeddable":true,"href":"https:\/\/laserenaradio.cl\/web\/wp-json\/wp\/v2\/categories?post=11059"},{"taxonomy":"post_tag","embeddable":true,"href":"https:\/\/laserenaradio.cl\/web\/wp-json\/wp\/v2\/tags?post=11059"}],"curies":[{"name":"wp","href":"https:\/\/api.w.org\/{rel}","templated":true}]}}