{"id":10953,"date":"2025-01-29T16:46:26","date_gmt":"2025-01-29T19:46:26","guid":{"rendered":"https:\/\/laserenaradio.cl\/web\/?p=10953"},"modified":"2025-01-31T17:26:56","modified_gmt":"2025-01-31T20:26:56","slug":"prision-preventiva-confirmada-para-mauricio-ojeda","status":"publish","type":"post","link":"https:\/\/laserenaradio.cl\/web\/2025\/01\/29\/prision-preventiva-confirmada-para-mauricio-ojeda\/","title":{"rendered":"Prisi\u00f3n preventiva confirmada para Mauricio Ojeda"},"content":{"rendered":"<p><b>Un juez en Temuco confirm\u00f3 la prisi\u00f3n preventiva para Mauricio Ojeda, un diputado que fue formalizado por presuntamente cometer fraude al Fisco<\/b><!--more-->.<\/p>\n<p>El tribunal consider\u00f3 que Ojeda representa un peligro de fuga y estableci\u00f3 una fianza de 80 millones de pesos o una hipoteca sobre un inmueble hasta $100 millones para que pueda cambiar su prisi\u00f3n preventiva a arresto domiciliario total.<\/p>\n<p>La defensa de Ojeda calific\u00f3 esta decisi\u00f3n como &#8220;buena noticia&#8221; y est\u00e1 buscando encontrar un bien inmueble para cumplir con la requisici\u00f3n del tribunal, lo que permitir\u00eda liberar al diputado..<\/p>\n","protected":false},"excerpt":{"rendered":"<p>Un juez en Temuco confirm\u00f3 la prisi\u00f3n preventiva para Mauricio Ojeda, un diputado que fue formalizado por presuntamente cometer fraude al Fisco<\/p>\n","protected":false},"author":2,"featured_media":10952,"comment_status":"closed","ping_status":"open","sticky":false,"template":"","format":"standard","meta":{"_jetpack_memberships_contains_paid_content":false,"jnews-multi-image_gallery":[],"jnews_single_post":[],"jnews_primary_category":[],"jnews_social_meta":[],"jnews_paywall_metabox":[],"jnews_review":[],"enable_review":"","type":"","name":"","summary":"","brand":"","sku":"","good":[],"bad":[],"score_override":"","override_value":"","rating":[],"price":[],"jnews_override_counter":[],"jnews_post_split":[],"footnotes":""},"categories":[83],"tags":[],"class_list":["post-10953","post","type-post","status-publish","format-standard","has-post-thumbnail","hentry","category-politica"],"jetpack_featured_media_url":"https:\/\/laserenaradio.cl\/web\/wp-content\/uploads\/2025\/01\/homepiaiextractoscrapimg_webppreventivaMauricioOjedadiputadoal_1.webp","jetpack_sharing_enabled":true,"_links":{"self":[{"href":"https:\/\/laserenaradio.cl\/web\/wp-json\/wp\/v2\/posts\/10953","targetHints":{"allow":["GET"]}}],"collection":[{"href":"https:\/\/laserenaradio.cl\/web\/wp-json\/wp\/v2\/posts"}],"about":[{"href":"https:\/\/laserenaradio.cl\/web\/wp-json\/wp\/v2\/types\/post"}],"author":[{"embeddable":true,"href":"https:\/\/laserenaradio.cl\/web\/wp-json\/wp\/v2\/users\/2"}],"replies":[{"embeddable":true,"href":"https:\/\/laserenaradio.cl\/web\/wp-json\/wp\/v2\/comments?post=10953"}],"version-history":[{"count":1,"href":"https:\/\/laserenaradio.cl\/web\/wp-json\/wp\/v2\/posts\/10953\/revisions"}],"predecessor-version":[{"id":10954,"href":"https:\/\/laserenaradio.cl\/web\/wp-json\/wp\/v2\/posts\/10953\/revisions\/10954"}],"wp:featuredmedia":[{"embeddable":true,"href":"https:\/\/laserenaradio.cl\/web\/wp-json\/wp\/v2\/media\/10952"}],"wp:attachment":[{"href":"https:\/\/laserenaradio.cl\/web\/wp-json\/wp\/v2\/media?parent=10953"}],"wp:term":[{"taxonomy":"category","embeddable":true,"href":"https:\/\/laserenaradio.cl\/web\/wp-json\/wp\/v2\/categories?post=10953"},{"taxonomy":"post_tag","embeddable":true,"href":"https:\/\/laserenaradio.cl\/web\/wp-json\/wp\/v2\/tags?post=10953"}],"curies":[{"name":"wp","href":"https:\/\/api.w.org\/{rel}","templated":true}]}}