{"id":10925,"date":"2025-01-27T16:23:09","date_gmt":"2025-01-27T19:23:09","guid":{"rendered":"https:\/\/laserenaradio.cl\/web\/?p=10925"},"modified":"2025-01-27T16:23:09","modified_gmt":"2025-01-27T19:23:09","slug":"el-tucu-contreras-y-su-conexion-con-el-romantico-viajero","status":"publish","type":"post","link":"https:\/\/laserenaradio.cl\/web\/2025\/01\/27\/el-tucu-contreras-y-su-conexion-con-el-romantico-viajero\/","title":{"rendered":"El &#8216;Tucu&#8217; Contreras y su conexi\u00f3n con el Rom\u00e1ntico Viajero"},"content":{"rendered":"<p><b>La Universidad de Chile ya est\u00e1 prepar\u00e1ndose para la temporada 2025, que promete ser intensa con partidos en Copa Chile, Campeonato Nacional y Libertadores<\/b><!--more-->.<\/p>\n<p>El equipo ha incorporado al delantero Rodrigo &#8220;Tucu&#8221; Contreras, quien recientemente se present\u00f3 con su nueva camiseta azul.<\/p>\n<p>En una conferencia de prensa, el jugador expres\u00f3 su alegr\u00eda por unirse al club y compartir sus sentimientos por la instituci\u00f3n: &#8220;El Rom\u00e1ntico Viajero es mi equipo favorito&#8221;. Tambi\u00e9n habl\u00f3 sobre c\u00f3mo se sinti\u00f3 emocionado al jugar en Antofagasta con La U y c\u00f3mo el apoyo de los hinchas lo motiv\u00f3 a trabajar duro.<\/p>\n<p>Finalmente, expres\u00f3 su deseo de tener un gran a\u00f1o personal y para el equipo, y de contribuir a que La U llegue a donde merece estar.<\/p>\n","protected":false},"excerpt":{"rendered":"<p>La Universidad de Chile ya est\u00e1 prepar\u00e1ndose para la temporada 2025, que promete ser intensa con partidos en Copa Chile, Campeonato Nacional y Libertadores<\/p>\n","protected":false},"author":2,"featured_media":10924,"comment_status":"closed","ping_status":"open","sticky":false,"template":"","format":"standard","meta":{"_jetpack_memberships_contains_paid_content":false,"jnews-multi-image_gallery":[],"jnews_single_post":[],"jnews_primary_category":[],"jnews_social_meta":[],"jnews_paywall_metabox":[],"jnews_review":[],"enable_review":"","type":"","name":"","summary":"","brand":"","sku":"","good":[],"bad":[],"score_override":"","override_value":"","rating":[],"price":[],"jnews_override_counter":[],"jnews_post_split":[],"footnotes":""},"categories":[84],"tags":[],"class_list":["post-10925","post","type-post","status-publish","format-standard","has-post-thumbnail","hentry","category-deportes"],"jetpack_featured_media_url":"https:\/\/laserenaradio.cl\/web\/wp-content\/uploads\/2025\/01\/homepiaiextractoscrapimg_webpTucuContreras_1.webp","jetpack_sharing_enabled":true,"_links":{"self":[{"href":"https:\/\/laserenaradio.cl\/web\/wp-json\/wp\/v2\/posts\/10925","targetHints":{"allow":["GET"]}}],"collection":[{"href":"https:\/\/laserenaradio.cl\/web\/wp-json\/wp\/v2\/posts"}],"about":[{"href":"https:\/\/laserenaradio.cl\/web\/wp-json\/wp\/v2\/types\/post"}],"author":[{"embeddable":true,"href":"https:\/\/laserenaradio.cl\/web\/wp-json\/wp\/v2\/users\/2"}],"replies":[{"embeddable":true,"href":"https:\/\/laserenaradio.cl\/web\/wp-json\/wp\/v2\/comments?post=10925"}],"version-history":[{"count":1,"href":"https:\/\/laserenaradio.cl\/web\/wp-json\/wp\/v2\/posts\/10925\/revisions"}],"predecessor-version":[{"id":10926,"href":"https:\/\/laserenaradio.cl\/web\/wp-json\/wp\/v2\/posts\/10925\/revisions\/10926"}],"wp:featuredmedia":[{"embeddable":true,"href":"https:\/\/laserenaradio.cl\/web\/wp-json\/wp\/v2\/media\/10924"}],"wp:attachment":[{"href":"https:\/\/laserenaradio.cl\/web\/wp-json\/wp\/v2\/media?parent=10925"}],"wp:term":[{"taxonomy":"category","embeddable":true,"href":"https:\/\/laserenaradio.cl\/web\/wp-json\/wp\/v2\/categories?post=10925"},{"taxonomy":"post_tag","embeddable":true,"href":"https:\/\/laserenaradio.cl\/web\/wp-json\/wp\/v2\/tags?post=10925"}],"curies":[{"name":"wp","href":"https:\/\/api.w.org\/{rel}","templated":true}]}}