{"id":10922,"date":"2025-01-27T16:17:51","date_gmt":"2025-01-27T19:17:51","guid":{"rendered":"https:\/\/laserenaradio.cl\/web\/?p=10922"},"modified":"2025-01-27T16:17:51","modified_gmt":"2025-01-27T19:17:51","slug":"demuelen-vivienda-vinculada-al-trafico-de-drogas-en-independencia","status":"publish","type":"post","link":"https:\/\/laserenaradio.cl\/web\/2025\/01\/27\/demuelen-vivienda-vinculada-al-trafico-de-drogas-en-independencia\/","title":{"rendered":"Demuelen vivienda vinculada al tr\u00e1fico de drogas en Independencia"},"content":{"rendered":"<p><b>En Independencia, personal municipal demolieron parte de una casa donde se hab\u00edan registrado actividades ilegales relacionadas con el tr\u00e1fico de drogas y un asesinato ocurrido en enero<\/b><!--more-->.<\/p>\n<p>La vivienda serv\u00eda como centro de venta de drogas, porte de armas ilegales y supuestamente tambi\u00e9n como lugar de torturas por grupos criminales.<\/p>\n<p>El alcalde Agust\u00edn Iglesias explic\u00f3 que el objetivo es declarar la casa inhabitable para evitar su ocupaci\u00f3n nuevamente por bandas criminales.<\/p>\n<p>Sin embargo, se destaca que esta medida municipal solo aborda una parte del problema y que se requiere intervenci\u00f3n m\u00e1s seria del Estado.<\/p>\n<p>Se menciona tambi\u00e9n las constantes amenazas a vecinos del sector norte de la capital y se pide una intervenci\u00f3n en serio por parte del gobierno para expulsar a las bandas de narcotraficantes de la zona.<\/p>\n","protected":false},"excerpt":{"rendered":"<p>En Independencia, personal municipal demolieron parte de una casa donde se hab\u00edan registrado actividades ilegales relacionadas con el tr\u00e1fico de drogas y un asesinato ocurrido en enero<\/p>\n","protected":false},"author":2,"featured_media":10921,"comment_status":"closed","ping_status":"open","sticky":false,"template":"","format":"standard","meta":{"_jetpack_memberships_contains_paid_content":false,"jnews-multi-image_gallery":[],"jnews_single_post":[],"jnews_primary_category":[],"jnews_social_meta":[],"jnews_paywall_metabox":[],"jnews_review":[],"enable_review":"","type":"","name":"","summary":"","brand":"","sku":"","good":[],"bad":[],"score_override":"","override_value":"","rating":[],"price":[],"jnews_override_counter":[],"jnews_post_split":[],"footnotes":""},"categories":[21],"tags":[],"class_list":["post-10922","post","type-post","status-publish","format-standard","has-post-thumbnail","hentry","category-nacional"],"jetpack_featured_media_url":"https:\/\/laserenaradio.cl\/web\/wp-content\/uploads\/2025\/01\/homepiaiextractoscrapimg_webppartedrogasIndependenciamunicipal_0.webp","jetpack_sharing_enabled":true,"_links":{"self":[{"href":"https:\/\/laserenaradio.cl\/web\/wp-json\/wp\/v2\/posts\/10922","targetHints":{"allow":["GET"]}}],"collection":[{"href":"https:\/\/laserenaradio.cl\/web\/wp-json\/wp\/v2\/posts"}],"about":[{"href":"https:\/\/laserenaradio.cl\/web\/wp-json\/wp\/v2\/types\/post"}],"author":[{"embeddable":true,"href":"https:\/\/laserenaradio.cl\/web\/wp-json\/wp\/v2\/users\/2"}],"replies":[{"embeddable":true,"href":"https:\/\/laserenaradio.cl\/web\/wp-json\/wp\/v2\/comments?post=10922"}],"version-history":[{"count":1,"href":"https:\/\/laserenaradio.cl\/web\/wp-json\/wp\/v2\/posts\/10922\/revisions"}],"predecessor-version":[{"id":10923,"href":"https:\/\/laserenaradio.cl\/web\/wp-json\/wp\/v2\/posts\/10922\/revisions\/10923"}],"wp:featuredmedia":[{"embeddable":true,"href":"https:\/\/laserenaradio.cl\/web\/wp-json\/wp\/v2\/media\/10921"}],"wp:attachment":[{"href":"https:\/\/laserenaradio.cl\/web\/wp-json\/wp\/v2\/media?parent=10922"}],"wp:term":[{"taxonomy":"category","embeddable":true,"href":"https:\/\/laserenaradio.cl\/web\/wp-json\/wp\/v2\/categories?post=10922"},{"taxonomy":"post_tag","embeddable":true,"href":"https:\/\/laserenaradio.cl\/web\/wp-json\/wp\/v2\/tags?post=10922"}],"curies":[{"name":"wp","href":"https:\/\/api.w.org\/{rel}","templated":true}]}}