{"id":10919,"date":"2025-01-27T13:20:43","date_gmt":"2025-01-27T16:20:43","guid":{"rendered":"https:\/\/laserenaradio.cl\/web\/?p=10919"},"modified":"2025-01-27T13:20:43","modified_gmt":"2025-01-27T16:20:43","slug":"un-muerto-tras-intento-de-robo-a-funcionario-de-la-pdi","status":"publish","type":"post","link":"https:\/\/laserenaradio.cl\/web\/2025\/01\/27\/un-muerto-tras-intento-de-robo-a-funcionario-de-la-pdi\/","title":{"rendered":"Un muerto tras intento de robo a funcionario de la PDI"},"content":{"rendered":"<p><b>Un funcionario de la <a href=\"https:\/\/www.pdichile.cl\/\">PDI<\/a> fue abordado por tres sujetos armados mientras viajaba en un bus en La Florida, Chile<\/b><!--more-->.<\/p>\n<p>Los delincuentes le quitaron varias especies, incluido un reloj, y el polic\u00eda civil tuvo que dispararles para defenderse. Dos de los tres involucrados resultaron heridos, uno muri\u00f3 dentro del bus y el otro est\u00e1 en riesgo vital en el hospital. El tercer sujeto logr\u00f3 escapar.<\/p>\n<p>Los dos implicados heridos tienen m\u00e1s de 15 detenciones previas cada uno por delitos como robos y hurtos.<\/p>\n<p>La investigaci\u00f3n est\u00e1 a cargo de <a href=\"https:\/\/www.carabineros.cl\/\">Carabineros<\/a>, con la colaboraci\u00f3n del Ministerio P\u00fablico, y se est\u00e1n realizando diligencias para identificar al tercer sujeto y dar su pronta detenci\u00f3n.<\/p>\n","protected":false},"excerpt":{"rendered":"<p>Un funcionario de la PDI fue abordado por tres sujetos armados mientras viajaba en un bus en La Florida, Chile<\/p>\n","protected":false},"author":2,"featured_media":9076,"comment_status":"closed","ping_status":"open","sticky":false,"template":"","format":"standard","meta":{"_jetpack_memberships_contains_paid_content":false,"jnews-multi-image_gallery":[],"jnews_single_post":[],"jnews_primary_category":[],"jnews_social_meta":[],"jnews_paywall_metabox":[],"jnews_review":[],"enable_review":"","type":"","name":"","summary":"","brand":"","sku":"","good":[],"bad":[],"score_override":"","override_value":"","rating":[],"price":[],"jnews_override_counter":[],"jnews_post_split":[],"footnotes":""},"categories":[21],"tags":[],"class_list":["post-10919","post","type-post","status-publish","format-standard","has-post-thumbnail","hentry","category-nacional"],"jetpack_featured_media_url":"https:\/\/laserenaradio.cl\/web\/wp-content\/uploads\/2024\/12\/laserenaradio_nacional.webp","jetpack_sharing_enabled":true,"_links":{"self":[{"href":"https:\/\/laserenaradio.cl\/web\/wp-json\/wp\/v2\/posts\/10919","targetHints":{"allow":["GET"]}}],"collection":[{"href":"https:\/\/laserenaradio.cl\/web\/wp-json\/wp\/v2\/posts"}],"about":[{"href":"https:\/\/laserenaradio.cl\/web\/wp-json\/wp\/v2\/types\/post"}],"author":[{"embeddable":true,"href":"https:\/\/laserenaradio.cl\/web\/wp-json\/wp\/v2\/users\/2"}],"replies":[{"embeddable":true,"href":"https:\/\/laserenaradio.cl\/web\/wp-json\/wp\/v2\/comments?post=10919"}],"version-history":[{"count":1,"href":"https:\/\/laserenaradio.cl\/web\/wp-json\/wp\/v2\/posts\/10919\/revisions"}],"predecessor-version":[{"id":10920,"href":"https:\/\/laserenaradio.cl\/web\/wp-json\/wp\/v2\/posts\/10919\/revisions\/10920"}],"wp:featuredmedia":[{"embeddable":true,"href":"https:\/\/laserenaradio.cl\/web\/wp-json\/wp\/v2\/media\/9076"}],"wp:attachment":[{"href":"https:\/\/laserenaradio.cl\/web\/wp-json\/wp\/v2\/media?parent=10919"}],"wp:term":[{"taxonomy":"category","embeddable":true,"href":"https:\/\/laserenaradio.cl\/web\/wp-json\/wp\/v2\/categories?post=10919"},{"taxonomy":"post_tag","embeddable":true,"href":"https:\/\/laserenaradio.cl\/web\/wp-json\/wp\/v2\/tags?post=10919"}],"curies":[{"name":"wp","href":"https:\/\/api.w.org\/{rel}","templated":true}]}}