{"id":10917,"date":"2025-01-27T13:18:28","date_gmt":"2025-01-27T16:18:28","guid":{"rendered":"https:\/\/laserenaradio.cl\/web\/?p=10917"},"modified":"2025-01-27T13:18:28","modified_gmt":"2025-01-27T16:18:28","slug":"chile-enfrenta-un-evento-extremo-de-altas-temperaturas-que-impactara-diversas-zonas-del-pais-durante-tres-dias","status":"publish","type":"post","link":"https:\/\/laserenaradio.cl\/web\/2025\/01\/27\/chile-enfrenta-un-evento-extremo-de-altas-temperaturas-que-impactara-diversas-zonas-del-pais-durante-tres-dias\/","title":{"rendered":"Chile enfrenta un evento extremo de altas temperaturas que impactar\u00e1 diversas zonas del pa\u00eds durante tres d\u00edas"},"content":{"rendered":"<p><b>La <a href=\"http:\/\/www.meteochile.gob.cl\/\">Direcci\u00f3n Meteorol\u00f3gica de Chile<\/a> ha emitido dos alertas por evento de altas temperaturas extremas que afectar\u00e1n a diversas zonas del pa\u00eds desde el lunes 27 hasta el mi\u00e9rcoles 29 de enero.<\/b><!--more-->.<\/p>\n<p>Primera Alerta:<\/p>\n<p>* Se esperan temperaturas m\u00e1ximas de hasta 39 \u00b0C entre Coquimbo y B\u00edo B\u00edo.<br \/>\n* La regi\u00f3n de Valpara\u00edso experimentar\u00e1 las temperaturas m\u00e1s altas, especialmente en los valles y precordillera, con m\u00e1ximas de hasta 37-39 \u00b0C.<\/p>\n<p>Segunda Alerta:<\/p>\n<p>* Las regiones de O&#8217;Higgins, Maule, \u00d1uble y B\u00edo B\u00edo ser\u00e1n afectadas, con temperaturas m\u00e1ximas de hasta 37 \u00b0C.<br \/>\n* La regi\u00f3n de O&#8217;Higgins ver\u00e1 un incremento gradual de las temperaturas, con m\u00e1ximas de 33-36 \u00b0C el martes y mi\u00e9rcoles.<br \/>\n* El Maule, \u00d1uble y B\u00edo B\u00edo tambi\u00e9n experimentar\u00e1n temperaturas altas, con m\u00e1ximas de 33-36 \u00b0C el martes y mi\u00e9rcoles.<\/p>\n<p>Es importante destacar que estas temperaturas pueden variar dependiendo de la ubicaci\u00f3n y la hora del d\u00eda.<\/p>\n<p>Es recomendable tomar medidas para protegerse del calor extremo.<\/p>\n","protected":false},"excerpt":{"rendered":"<p>La Direcci\u00f3n Meteorol\u00f3gica de Chile ha emitido dos alertas por evento de altas temperaturas extremas que afectar\u00e1n a diversas zonas del pa\u00eds desde el lunes 27 hasta el mi\u00e9rcoles 29 de enero.<\/p>\n","protected":false},"author":2,"featured_media":9078,"comment_status":"closed","ping_status":"open","sticky":false,"template":"","format":"standard","meta":{"_jetpack_memberships_contains_paid_content":false,"jnews-multi-image_gallery":[],"jnews_single_post":[],"jnews_primary_category":[],"jnews_social_meta":[],"jnews_paywall_metabox":[],"jnews_review":[],"enable_review":"","type":"","name":"","summary":"","brand":"","sku":"","good":[],"bad":[],"score_override":"","override_value":"","rating":[],"price":[],"jnews_override_counter":[],"jnews_post_split":[],"footnotes":""},"categories":[21],"tags":[],"class_list":["post-10917","post","type-post","status-publish","format-standard","has-post-thumbnail","hentry","category-nacional"],"jetpack_featured_media_url":"https:\/\/laserenaradio.cl\/web\/wp-content\/uploads\/2024\/12\/laserenaradio_ultimo_minuto.webp","jetpack_sharing_enabled":true,"_links":{"self":[{"href":"https:\/\/laserenaradio.cl\/web\/wp-json\/wp\/v2\/posts\/10917","targetHints":{"allow":["GET"]}}],"collection":[{"href":"https:\/\/laserenaradio.cl\/web\/wp-json\/wp\/v2\/posts"}],"about":[{"href":"https:\/\/laserenaradio.cl\/web\/wp-json\/wp\/v2\/types\/post"}],"author":[{"embeddable":true,"href":"https:\/\/laserenaradio.cl\/web\/wp-json\/wp\/v2\/users\/2"}],"replies":[{"embeddable":true,"href":"https:\/\/laserenaradio.cl\/web\/wp-json\/wp\/v2\/comments?post=10917"}],"version-history":[{"count":1,"href":"https:\/\/laserenaradio.cl\/web\/wp-json\/wp\/v2\/posts\/10917\/revisions"}],"predecessor-version":[{"id":10918,"href":"https:\/\/laserenaradio.cl\/web\/wp-json\/wp\/v2\/posts\/10917\/revisions\/10918"}],"wp:featuredmedia":[{"embeddable":true,"href":"https:\/\/laserenaradio.cl\/web\/wp-json\/wp\/v2\/media\/9078"}],"wp:attachment":[{"href":"https:\/\/laserenaradio.cl\/web\/wp-json\/wp\/v2\/media?parent=10917"}],"wp:term":[{"taxonomy":"category","embeddable":true,"href":"https:\/\/laserenaradio.cl\/web\/wp-json\/wp\/v2\/categories?post=10917"},{"taxonomy":"post_tag","embeddable":true,"href":"https:\/\/laserenaradio.cl\/web\/wp-json\/wp\/v2\/tags?post=10917"}],"curies":[{"name":"wp","href":"https:\/\/api.w.org\/{rel}","templated":true}]}}