{"id":10902,"date":"2025-01-27T11:43:01","date_gmt":"2025-01-27T14:43:01","guid":{"rendered":"https:\/\/laserenaradio.cl\/web\/?p=10902"},"modified":"2025-01-27T11:43:01","modified_gmt":"2025-01-27T14:43:01","slug":"detienen-al-imputado-por-abuso-sexual-infantil-en-iquique","status":"publish","type":"post","link":"https:\/\/laserenaradio.cl\/web\/2025\/01\/27\/detienen-al-imputado-por-abuso-sexual-infantil-en-iquique\/","title":{"rendered":"Detienen al imputado por abuso sexual infantil en Iquique"},"content":{"rendered":"<p><b>Los detectives de la Brigada de Delitos Sexuales de Iquique capturaron a un hombre chileno de 31 a\u00f1os sospechoso de abuso sexual de una menor de 14 a\u00f1os, producci\u00f3n y posesi\u00f3n de material pornogr\u00e1fico infantil<\/b><!--more-->.<\/p>\n<p>El imputado hab\u00eda almacenado im\u00e1genes y videos de abuso sexual hacia su hijastra de siete a\u00f1os en su tel\u00e9fono celular.<\/p>\n<p>La madre de la menor descubri\u00f3 estas im\u00e1genes y denunci\u00f3 el caso.<\/p>\n<p>El juez dictamin\u00f3 prisi\u00f3n preventiva para el acusado mientras se investigaba el caso durante 120 d\u00edas.<\/p>\n","protected":false},"excerpt":{"rendered":"<p>Los detectives de la Brigada de Delitos Sexuales de Iquique capturaron a un hombre chileno de 31 a\u00f1os sospechoso de abuso sexual de una menor de 14 a\u00f1os, producci\u00f3n y posesi\u00f3n de material pornogr\u00e1fico infantil<\/p>\n","protected":false},"author":2,"featured_media":10901,"comment_status":"closed","ping_status":"open","sticky":false,"template":"","format":"standard","meta":{"_jetpack_memberships_contains_paid_content":false,"jnews-multi-image_gallery":[],"jnews_single_post":[],"jnews_primary_category":[],"jnews_social_meta":[],"jnews_paywall_metabox":[],"jnews_review":[],"enable_review":"","type":"","name":"","summary":"","brand":"","sku":"","good":[],"bad":[],"score_override":"","override_value":"","rating":[],"price":[],"jnews_override_counter":[],"jnews_post_split":[],"footnotes":""},"categories":[21],"tags":[],"class_list":["post-10902","post","type-post","status-publish","format-standard","has-post-thumbnail","hentry","category-nacional"],"jetpack_featured_media_url":"https:\/\/laserenaradio.cl\/web\/wp-content\/uploads\/2025\/01\/homepiaiextractoscrapimg_webpabusosexualIquiquemenor_1.webp","jetpack_sharing_enabled":true,"_links":{"self":[{"href":"https:\/\/laserenaradio.cl\/web\/wp-json\/wp\/v2\/posts\/10902","targetHints":{"allow":["GET"]}}],"collection":[{"href":"https:\/\/laserenaradio.cl\/web\/wp-json\/wp\/v2\/posts"}],"about":[{"href":"https:\/\/laserenaradio.cl\/web\/wp-json\/wp\/v2\/types\/post"}],"author":[{"embeddable":true,"href":"https:\/\/laserenaradio.cl\/web\/wp-json\/wp\/v2\/users\/2"}],"replies":[{"embeddable":true,"href":"https:\/\/laserenaradio.cl\/web\/wp-json\/wp\/v2\/comments?post=10902"}],"version-history":[{"count":1,"href":"https:\/\/laserenaradio.cl\/web\/wp-json\/wp\/v2\/posts\/10902\/revisions"}],"predecessor-version":[{"id":10903,"href":"https:\/\/laserenaradio.cl\/web\/wp-json\/wp\/v2\/posts\/10902\/revisions\/10903"}],"wp:featuredmedia":[{"embeddable":true,"href":"https:\/\/laserenaradio.cl\/web\/wp-json\/wp\/v2\/media\/10901"}],"wp:attachment":[{"href":"https:\/\/laserenaradio.cl\/web\/wp-json\/wp\/v2\/media?parent=10902"}],"wp:term":[{"taxonomy":"category","embeddable":true,"href":"https:\/\/laserenaradio.cl\/web\/wp-json\/wp\/v2\/categories?post=10902"},{"taxonomy":"post_tag","embeddable":true,"href":"https:\/\/laserenaradio.cl\/web\/wp-json\/wp\/v2\/tags?post=10902"}],"curies":[{"name":"wp","href":"https:\/\/api.w.org\/{rel}","templated":true}]}}