{"id":10899,"date":"2025-01-27T11:26:36","date_gmt":"2025-01-27T14:26:36","guid":{"rendered":"https:\/\/laserenaradio.cl\/web\/?p=10899"},"modified":"2025-01-27T11:26:36","modified_gmt":"2025-01-27T14:26:36","slug":"la-ministra-toha-descarta-mala-fe-de-la-familia-allende-en-fallida-compra-de-la-casa-del-expresidente","status":"publish","type":"post","link":"https:\/\/laserenaradio.cl\/web\/2025\/01\/27\/la-ministra-toha-descarta-mala-fe-de-la-familia-allende-en-fallida-compra-de-la-casa-del-expresidente\/","title":{"rendered":"La ministra Toh\u00e1 descarta &#8216;mala fe&#8217; de la familia Allende en fallida compra de la casa del expresidente"},"content":{"rendered":"<p><b>La ministra del Interior de Chile, Carolina Toh\u00e1, ha defendido la compra fallida de la casa del expresidente Salvador Allende por parte del Estado chileno<\/b><!--more-->.<\/p>\n<p>Aunque considera que la situaci\u00f3n es &#8220;lamentable&#8221; e &#8220;indignante&#8221;, descarta que haya habido &#8220;mala fe&#8221; por parte de la familia del exmandatario.<\/p>\n<p>Toh\u00e1 argumenta que el proceso de compra fue transparente y que no se pretend\u00eda aprovechar econ\u00f3micamente la operaci\u00f3n.<\/p>\n<p>Toh\u00e1 critic\u00f3 las sospechas de que la familia Allende hab\u00eda intentado vender la casa a sabiendas de que era incompatibilidad con la ley. En su opini\u00f3n, lo ins\u00f3lito es que nadie haya advertido esta incompatibilidad antes y que se haya recurrido al Tribunal Constitucional.<\/p>\n<p>La ministra asegur\u00f3 que el objetivo del Gobierno fue preservar la memoria e historia de Salvador Allende y que la compra hab\u00eda sido &#8220;de buena fe&#8221; y &#8220;muy abierta&#8221;. Reconoci\u00f3 que el proceso tuvo una serie de fallas, pero subray\u00f3 que se dej\u00f3 sin efecto y no se alcanz\u00f3 a consumar.<\/p>\n<p>En resumen, Toh\u00e1 defiende la intenci\u00f3n del Gobierno de comprar la casa de Allende, pero admite que hubo un error en el proceso y que se deben investigar las circunstancias.<\/p>\n","protected":false},"excerpt":{"rendered":"<p>La ministra del Interior de Chile, Carolina Toh\u00e1, ha defendido la compra fallida de la casa del expresidente Salvador Allende por parte del Estado chileno<\/p>\n","protected":false},"author":2,"featured_media":10898,"comment_status":"closed","ping_status":"open","sticky":false,"template":"","format":"standard","meta":{"_jetpack_memberships_contains_paid_content":false,"jnews-multi-image_gallery":[],"jnews_single_post":[],"jnews_primary_category":[],"jnews_social_meta":[],"jnews_paywall_metabox":[],"jnews_review":[],"enable_review":"","type":"","name":"","summary":"","brand":"","sku":"","good":[],"bad":[],"score_override":"","override_value":"","rating":[],"price":[],"jnews_override_counter":[],"jnews_post_split":[],"footnotes":""},"categories":[83],"tags":[],"class_list":["post-10899","post","type-post","status-publish","format-standard","has-post-thumbnail","hentry","category-politica"],"jetpack_featured_media_url":"https:\/\/laserenaradio.cl\/web\/wp-content\/uploads\/2025\/01\/homepiaiextractoscrapimg_webpTohaAllende_0.webp","jetpack_sharing_enabled":true,"_links":{"self":[{"href":"https:\/\/laserenaradio.cl\/web\/wp-json\/wp\/v2\/posts\/10899","targetHints":{"allow":["GET"]}}],"collection":[{"href":"https:\/\/laserenaradio.cl\/web\/wp-json\/wp\/v2\/posts"}],"about":[{"href":"https:\/\/laserenaradio.cl\/web\/wp-json\/wp\/v2\/types\/post"}],"author":[{"embeddable":true,"href":"https:\/\/laserenaradio.cl\/web\/wp-json\/wp\/v2\/users\/2"}],"replies":[{"embeddable":true,"href":"https:\/\/laserenaradio.cl\/web\/wp-json\/wp\/v2\/comments?post=10899"}],"version-history":[{"count":1,"href":"https:\/\/laserenaradio.cl\/web\/wp-json\/wp\/v2\/posts\/10899\/revisions"}],"predecessor-version":[{"id":10900,"href":"https:\/\/laserenaradio.cl\/web\/wp-json\/wp\/v2\/posts\/10899\/revisions\/10900"}],"wp:featuredmedia":[{"embeddable":true,"href":"https:\/\/laserenaradio.cl\/web\/wp-json\/wp\/v2\/media\/10898"}],"wp:attachment":[{"href":"https:\/\/laserenaradio.cl\/web\/wp-json\/wp\/v2\/media?parent=10899"}],"wp:term":[{"taxonomy":"category","embeddable":true,"href":"https:\/\/laserenaradio.cl\/web\/wp-json\/wp\/v2\/categories?post=10899"},{"taxonomy":"post_tag","embeddable":true,"href":"https:\/\/laserenaradio.cl\/web\/wp-json\/wp\/v2\/tags?post=10899"}],"curies":[{"name":"wp","href":"https:\/\/api.w.org\/{rel}","templated":true}]}}