{"id":10887,"date":"2025-01-27T09:28:44","date_gmt":"2025-01-27T12:28:44","guid":{"rendered":"https:\/\/laserenaradio.cl\/web\/?p=10887"},"modified":"2025-01-27T09:28:44","modified_gmt":"2025-01-27T12:28:44","slug":"la-relacion-de-tensiones-entre-chile-y-venezuela-ministra-del-interior-desmiente-al-canciller-venezolano-sobre-el-rompimiento-de-relaciones","status":"publish","type":"post","link":"https:\/\/laserenaradio.cl\/web\/2025\/01\/27\/la-relacion-de-tensiones-entre-chile-y-venezuela-ministra-del-interior-desmiente-al-canciller-venezolano-sobre-el-rompimiento-de-relaciones\/","title":{"rendered":"La relaci\u00f3n de tensiones entre Chile y Venezuela: Ministra del Interior desmiente al canciller venezolano sobre el rompimiento de relaciones"},"content":{"rendered":"<p><b>La ministra del Interior de Chile, Carolina Toh\u00e1, ha desmentido al canciller de Venezuela, Yv\u00e1n Gil, quien afirm\u00f3 que las relaciones diplom\u00e1ticas entre ambos pa\u00edses est\u00e1n rotas<\/b><!--more-->.<\/p>\n<p>En su lugar, Toh\u00e1 asegur\u00f3 que las relaciones son m\u00ednimamente funcionales. Toh\u00e1 tambi\u00e9n enfatiz\u00f3 que, si se comprueba el v\u00ednculo del r\u00e9gimen de Nicol\u00e1s Maduro con el crimen del teniente Ronald Ojeda, Chile recurrir\u00e1 a la Corte Penal Internacional.<\/p>\n<p>Reconoci\u00f3 que es complicado realizar expulsiones de venezolanos debido a las dificultades para organizar vuelos especiales y la falta de cooperaci\u00f3n con Venezuela.<\/p>\n<p>La ministra Toh\u00e1 calific\u00f3 como &#8220;inminente&#8221; el rompimiento de relaciones diplom\u00e1ticas con Venezuela, pero afirm\u00f3 que no se ha producido todav\u00eda. Sostuvo que los cuestionamientos chilenos sobre las conexiones del r\u00e9gimen venezolano con grupos criminales tienen que ver con la seguridad en la regi\u00f3n y la necesidad de cooperaci\u00f3n para enfrentar problemas comunes.<\/p>\n<p>En resumen, Toh\u00e1 afirm\u00f3 que Chile no romper\u00e1 relaciones diplom\u00e1ticas con Venezuela y buscar\u00e1 una soluci\u00f3n pac\u00edfica a los conflictos entre ambos pa\u00edses.<\/p>\n","protected":false},"excerpt":{"rendered":"<p>La ministra del Interior de Chile, Carolina Toh\u00e1, ha desmentido al canciller de Venezuela, Yv\u00e1n Gil, quien afirm\u00f3 que las relaciones diplom\u00e1ticas entre ambos pa\u00edses est\u00e1n rotas<\/p>\n","protected":false},"author":2,"featured_media":10886,"comment_status":"closed","ping_status":"open","sticky":false,"template":"","format":"standard","meta":{"_jetpack_memberships_contains_paid_content":false,"jnews-multi-image_gallery":[],"jnews_single_post":[],"jnews_primary_category":[],"jnews_social_meta":[],"jnews_paywall_metabox":[],"jnews_review":[],"enable_review":"","type":"","name":"","summary":"","brand":"","sku":"","good":[],"bad":[],"score_override":"","override_value":"","rating":[],"price":[],"jnews_override_counter":[],"jnews_post_split":[],"footnotes":""},"categories":[83],"tags":[],"class_list":["post-10887","post","type-post","status-publish","format-standard","has-post-thumbnail","hentry","category-politica"],"jetpack_featured_media_url":"https:\/\/laserenaradio.cl\/web\/wp-content\/uploads\/2025\/01\/homepiaiextractoscrapimg_webpChileVenezuela_0.webp","jetpack_sharing_enabled":true,"_links":{"self":[{"href":"https:\/\/laserenaradio.cl\/web\/wp-json\/wp\/v2\/posts\/10887","targetHints":{"allow":["GET"]}}],"collection":[{"href":"https:\/\/laserenaradio.cl\/web\/wp-json\/wp\/v2\/posts"}],"about":[{"href":"https:\/\/laserenaradio.cl\/web\/wp-json\/wp\/v2\/types\/post"}],"author":[{"embeddable":true,"href":"https:\/\/laserenaradio.cl\/web\/wp-json\/wp\/v2\/users\/2"}],"replies":[{"embeddable":true,"href":"https:\/\/laserenaradio.cl\/web\/wp-json\/wp\/v2\/comments?post=10887"}],"version-history":[{"count":1,"href":"https:\/\/laserenaradio.cl\/web\/wp-json\/wp\/v2\/posts\/10887\/revisions"}],"predecessor-version":[{"id":10888,"href":"https:\/\/laserenaradio.cl\/web\/wp-json\/wp\/v2\/posts\/10887\/revisions\/10888"}],"wp:featuredmedia":[{"embeddable":true,"href":"https:\/\/laserenaradio.cl\/web\/wp-json\/wp\/v2\/media\/10886"}],"wp:attachment":[{"href":"https:\/\/laserenaradio.cl\/web\/wp-json\/wp\/v2\/media?parent=10887"}],"wp:term":[{"taxonomy":"category","embeddable":true,"href":"https:\/\/laserenaradio.cl\/web\/wp-json\/wp\/v2\/categories?post=10887"},{"taxonomy":"post_tag","embeddable":true,"href":"https:\/\/laserenaradio.cl\/web\/wp-json\/wp\/v2\/tags?post=10887"}],"curies":[{"name":"wp","href":"https:\/\/api.w.org\/{rel}","templated":true}]}}