{"id":10866,"date":"2025-01-24T16:02:06","date_gmt":"2025-01-24T19:02:06","guid":{"rendered":"https:\/\/laserenaradio.cl\/web\/?p=10866"},"modified":"2025-01-24T16:02:06","modified_gmt":"2025-01-24T19:02:06","slug":"la-senadora-paulina-vodanovic-se-opone-al-proyecto-de-estatua-en-honor-a-sebastian-pinera","status":"publish","type":"post","link":"https:\/\/laserenaradio.cl\/web\/2025\/01\/24\/la-senadora-paulina-vodanovic-se-opone-al-proyecto-de-estatua-en-honor-a-sebastian-pinera\/","title":{"rendered":"La senadora Paulina Vodanovic se opone al proyecto de estatua en honor a Sebasti\u00e1n Pi\u00f1era"},"content":{"rendered":"<p><b>La senadora Paulina Vodanovic (PS) se opone a la iniciativa de erigir una estatua en honor al ex presidente Sebasti\u00e1n Pi\u00f1era frente al Palacio de La Moneda, debido a las acusaciones de corrupci\u00f3n y la &#8220;escandalera&#8221; que rodea su gobierno<\/b><!--more-->.<\/p>\n<p>Vodanovic sostuvo que la calidad moral de Pi\u00f1era no es comparable a la de otros presidentes que tienen monumentos en el mismo lugar.<\/p>\n<p>Sus declaraciones generaron reacciones en la oposici\u00f3n, con el exvicepresidente de UDI, M\u00e1ximo Pavez, y la candidata presidencial de Chile Vamos, Evelyn Matthei, calificando sus palabras como &#8220;falta de fraternidad democr\u00e1tica&#8221; e &#8220;impresentables&#8221;, respectivamente.<\/p>\n","protected":false},"excerpt":{"rendered":"<p>La senadora Paulina Vodanovic (PS) se opone a la iniciativa de erigir una estatua en honor al ex presidente Sebasti\u00e1n Pi\u00f1era frente al Palacio de La Moneda, debido a las acusaciones de corrupci\u00f3n y la &#8220;escandalera&#8221; que rodea su gobierno<\/p>\n","protected":false},"author":2,"featured_media":10865,"comment_status":"closed","ping_status":"open","sticky":false,"template":"","format":"standard","meta":{"_jetpack_memberships_contains_paid_content":false,"jnews-multi-image_gallery":[],"jnews_single_post":[],"jnews_primary_category":[],"jnews_social_meta":[],"jnews_paywall_metabox":[],"jnews_review":[],"enable_review":"","type":"","name":"","summary":"","brand":"","sku":"","good":[],"bad":[],"score_override":"","override_value":"","rating":[],"price":[],"jnews_override_counter":[],"jnews_post_split":[],"footnotes":""},"categories":[83],"tags":[],"class_list":["post-10866","post","type-post","status-publish","format-standard","has-post-thumbnail","hentry","category-politica"],"jetpack_featured_media_url":"https:\/\/laserenaradio.cl\/web\/wp-content\/uploads\/2025\/01\/homepiaiextractoscrapimg_webpalsenadoraPaulinaVodanovicopone_1.webp","jetpack_sharing_enabled":true,"_links":{"self":[{"href":"https:\/\/laserenaradio.cl\/web\/wp-json\/wp\/v2\/posts\/10866","targetHints":{"allow":["GET"]}}],"collection":[{"href":"https:\/\/laserenaradio.cl\/web\/wp-json\/wp\/v2\/posts"}],"about":[{"href":"https:\/\/laserenaradio.cl\/web\/wp-json\/wp\/v2\/types\/post"}],"author":[{"embeddable":true,"href":"https:\/\/laserenaradio.cl\/web\/wp-json\/wp\/v2\/users\/2"}],"replies":[{"embeddable":true,"href":"https:\/\/laserenaradio.cl\/web\/wp-json\/wp\/v2\/comments?post=10866"}],"version-history":[{"count":1,"href":"https:\/\/laserenaradio.cl\/web\/wp-json\/wp\/v2\/posts\/10866\/revisions"}],"predecessor-version":[{"id":10867,"href":"https:\/\/laserenaradio.cl\/web\/wp-json\/wp\/v2\/posts\/10866\/revisions\/10867"}],"wp:featuredmedia":[{"embeddable":true,"href":"https:\/\/laserenaradio.cl\/web\/wp-json\/wp\/v2\/media\/10865"}],"wp:attachment":[{"href":"https:\/\/laserenaradio.cl\/web\/wp-json\/wp\/v2\/media?parent=10866"}],"wp:term":[{"taxonomy":"category","embeddable":true,"href":"https:\/\/laserenaradio.cl\/web\/wp-json\/wp\/v2\/categories?post=10866"},{"taxonomy":"post_tag","embeddable":true,"href":"https:\/\/laserenaradio.cl\/web\/wp-json\/wp\/v2\/tags?post=10866"}],"curies":[{"name":"wp","href":"https:\/\/api.w.org\/{rel}","templated":true}]}}