{"id":10860,"date":"2025-01-24T15:57:52","date_gmt":"2025-01-24T18:57:52","guid":{"rendered":"https:\/\/laserenaradio.cl\/web\/?p=10860"},"modified":"2025-01-24T15:57:52","modified_gmt":"2025-01-24T18:57:52","slug":"gobernador-de-santiago-pide-medidas-contundentes-frente-a-la-reincidencia-delictual-tras-asesinato-en-san-bernardo","status":"publish","type":"post","link":"https:\/\/laserenaradio.cl\/web\/2025\/01\/24\/gobernador-de-santiago-pide-medidas-contundentes-frente-a-la-reincidencia-delictual-tras-asesinato-en-san-bernardo\/","title":{"rendered":"Gobernador de Santiago pide medidas contundentes frente a la reincidencia delictual tras asesinato en San Bernardo"},"content":{"rendered":"<p><b>El Gobernador de Santiago, Claudio Orrego, ha expresado su preocupaci\u00f3n sobre la situaci\u00f3n de inseguridad y falta de medidas contundentes en Chile<\/b><!--more-->.<\/p>\n<p>Se refiri\u00f3 al caso de un asalto que result\u00f3 en el homicidio de un adulto mayor en San Bernardo, donde los delincuentes se hac\u00edan pasar por funcionarios municipales.<\/p>\n<p>Orrego se\u00f1al\u00f3 que la delincuencia es &#8220;din\u00e1mica, creativa y audaz&#8221; y critic\u00f3 a los jueces por no tomar medidas efectivas frente a delitos graves, citando el caso de una mujer con 27 detenciones previas que fue detenida despu\u00e9s de un asalto.<\/p>\n<p>El Gobernador hizo un llamado a reforzar las medidas de seguridad para evitar que victimarios con antecedentes graves sean liberados nuevamente y se fortalezcan las medidas de seguridad en casos similares.<\/p>\n","protected":false},"excerpt":{"rendered":"<p>El Gobernador de Santiago, Claudio Orrego, ha expresado su preocupaci\u00f3n sobre la situaci\u00f3n de inseguridad y falta de medidas contundentes en Chile<\/p>\n","protected":false},"author":2,"featured_media":10859,"comment_status":"closed","ping_status":"open","sticky":false,"template":"","format":"standard","meta":{"_jetpack_memberships_contains_paid_content":false,"jnews-multi-image_gallery":[],"jnews_single_post":[],"jnews_primary_category":[],"jnews_social_meta":[],"jnews_paywall_metabox":[],"jnews_review":[],"enable_review":"","type":"","name":"","summary":"","brand":"","sku":"","good":[],"bad":[],"score_override":"","override_value":"","rating":[],"price":[],"jnews_override_counter":[],"jnews_post_split":[],"footnotes":""},"categories":[21],"tags":[],"class_list":["post-10860","post","type-post","status-publish","format-standard","has-post-thumbnail","hentry","category-nacional"],"jetpack_featured_media_url":"https:\/\/laserenaradio.cl\/web\/wp-content\/uploads\/2025\/01\/homepiaiextractoscrapimg_webpGobernadorSantiago_1.webp","jetpack_sharing_enabled":true,"_links":{"self":[{"href":"https:\/\/laserenaradio.cl\/web\/wp-json\/wp\/v2\/posts\/10860","targetHints":{"allow":["GET"]}}],"collection":[{"href":"https:\/\/laserenaradio.cl\/web\/wp-json\/wp\/v2\/posts"}],"about":[{"href":"https:\/\/laserenaradio.cl\/web\/wp-json\/wp\/v2\/types\/post"}],"author":[{"embeddable":true,"href":"https:\/\/laserenaradio.cl\/web\/wp-json\/wp\/v2\/users\/2"}],"replies":[{"embeddable":true,"href":"https:\/\/laserenaradio.cl\/web\/wp-json\/wp\/v2\/comments?post=10860"}],"version-history":[{"count":1,"href":"https:\/\/laserenaradio.cl\/web\/wp-json\/wp\/v2\/posts\/10860\/revisions"}],"predecessor-version":[{"id":10861,"href":"https:\/\/laserenaradio.cl\/web\/wp-json\/wp\/v2\/posts\/10860\/revisions\/10861"}],"wp:featuredmedia":[{"embeddable":true,"href":"https:\/\/laserenaradio.cl\/web\/wp-json\/wp\/v2\/media\/10859"}],"wp:attachment":[{"href":"https:\/\/laserenaradio.cl\/web\/wp-json\/wp\/v2\/media?parent=10860"}],"wp:term":[{"taxonomy":"category","embeddable":true,"href":"https:\/\/laserenaradio.cl\/web\/wp-json\/wp\/v2\/categories?post=10860"},{"taxonomy":"post_tag","embeddable":true,"href":"https:\/\/laserenaradio.cl\/web\/wp-json\/wp\/v2\/tags?post=10860"}],"curies":[{"name":"wp","href":"https:\/\/api.w.org\/{rel}","templated":true}]}}