{"id":10857,"date":"2025-01-24T14:49:07","date_gmt":"2025-01-24T17:49:07","guid":{"rendered":"https:\/\/laserenaradio.cl\/web\/?p=10857"},"modified":"2025-01-24T14:49:07","modified_gmt":"2025-01-24T17:49:07","slug":"senado-aprueba-proyecto-ley-jacinta-para-mejorar-seguridad-vial","status":"publish","type":"post","link":"https:\/\/laserenaradio.cl\/web\/2025\/01\/24\/senado-aprueba-proyecto-ley-jacinta-para-mejorar-seguridad-vial\/","title":{"rendered":"Senado aprueba proyecto Ley Jacinta para mejorar seguridad vial"},"content":{"rendered":"<p><b>La Comisi\u00f3n de Transporte del Senado est\u00e1 discutiendo el proyecto de ley Jacinta, que busca mejorar la seguridad vial en Chile<\/b><!--more-->.<\/p>\n<p>El proyecto lleva el nombre de una beb\u00e9 de cinco meses que muri\u00f3 en 2022 despu\u00e9s de ser atropellada por un conductor con problemas de salud.<\/p>\n<p>El proyecto establece cambios significativos en el proceso de obtenci\u00f3n y renovaci\u00f3n de licencias de conducir, como la declaraci\u00f3n jurada de salud y la evaluaci\u00f3n f\u00edsica y psicol\u00f3gica. Tambi\u00e9n busca prohibir que menores de edad viajen entre el conductor y el manubrio, y aumentar las compensaciones por muerte o incapacidad a 600 UF.<\/p>\n<p>El proyecto tambi\u00e9n incluye disposiciones para mejorar la seguridad vial en general, como aumentar la cobertura del Seguro Obligatorio de Accidentes Personales (SOAP) y disminuir el costo del mismo para motos.<\/p>\n<p>La Comisi\u00f3n de Transporte del Senado est\u00e1 escuchando a varios actores interesados, incluyendo a la SIAT de <a href=\"https:\/\/www.carabineros.cl\/\">Carabineros<\/a>, la Conaset, la Asociaci\u00f3n Chilena de Municipalidades y la Asociaci\u00f3n de Aseguradoras.<\/p>\n<p>La idea es que luego de esto, la Comisi\u00f3n pueda votar y despachar el proyecto a la Sala de Sesiones del Senado.<\/p>\n","protected":false},"excerpt":{"rendered":"<p>La Comisi\u00f3n de Transporte del Senado est\u00e1 discutiendo el proyecto de ley Jacinta, que busca mejorar la seguridad vial en Chile<\/p>\n","protected":false},"author":2,"featured_media":10856,"comment_status":"closed","ping_status":"open","sticky":false,"template":"","format":"standard","meta":{"_jetpack_memberships_contains_paid_content":false,"jnews-multi-image_gallery":[],"jnews_single_post":[],"jnews_primary_category":[],"jnews_social_meta":[],"jnews_paywall_metabox":[],"jnews_review":[],"enable_review":"","type":"","name":"","summary":"","brand":"","sku":"","good":[],"bad":[],"score_override":"","override_value":"","rating":[],"price":[],"jnews_override_counter":[],"jnews_post_split":[],"footnotes":""},"categories":[83],"tags":[],"class_list":["post-10857","post","type-post","status-publish","format-standard","has-post-thumbnail","hentry","category-politica"],"jetpack_featured_media_url":"https:\/\/laserenaradio.cl\/web\/wp-content\/uploads\/2025\/01\/homepiaiextractoscrapimg_webpproyectoSenadomejorarseguridad_0.webp","jetpack_sharing_enabled":true,"_links":{"self":[{"href":"https:\/\/laserenaradio.cl\/web\/wp-json\/wp\/v2\/posts\/10857","targetHints":{"allow":["GET"]}}],"collection":[{"href":"https:\/\/laserenaradio.cl\/web\/wp-json\/wp\/v2\/posts"}],"about":[{"href":"https:\/\/laserenaradio.cl\/web\/wp-json\/wp\/v2\/types\/post"}],"author":[{"embeddable":true,"href":"https:\/\/laserenaradio.cl\/web\/wp-json\/wp\/v2\/users\/2"}],"replies":[{"embeddable":true,"href":"https:\/\/laserenaradio.cl\/web\/wp-json\/wp\/v2\/comments?post=10857"}],"version-history":[{"count":1,"href":"https:\/\/laserenaradio.cl\/web\/wp-json\/wp\/v2\/posts\/10857\/revisions"}],"predecessor-version":[{"id":10858,"href":"https:\/\/laserenaradio.cl\/web\/wp-json\/wp\/v2\/posts\/10857\/revisions\/10858"}],"wp:featuredmedia":[{"embeddable":true,"href":"https:\/\/laserenaradio.cl\/web\/wp-json\/wp\/v2\/media\/10856"}],"wp:attachment":[{"href":"https:\/\/laserenaradio.cl\/web\/wp-json\/wp\/v2\/media?parent=10857"}],"wp:term":[{"taxonomy":"category","embeddable":true,"href":"https:\/\/laserenaradio.cl\/web\/wp-json\/wp\/v2\/categories?post=10857"},{"taxonomy":"post_tag","embeddable":true,"href":"https:\/\/laserenaradio.cl\/web\/wp-json\/wp\/v2\/tags?post=10857"}],"curies":[{"name":"wp","href":"https:\/\/api.w.org\/{rel}","templated":true}]}}