{"id":10854,"date":"2025-01-24T13:24:07","date_gmt":"2025-01-24T16:24:07","guid":{"rendered":"https:\/\/laserenaradio.cl\/web\/?p=10854"},"modified":"2025-01-24T13:24:07","modified_gmt":"2025-01-24T16:24:07","slug":"cientos-de-plantas-de-marihuana-fueron-incautadas-por-carabineros-en-los-vilos","status":"publish","type":"post","link":"https:\/\/laserenaradio.cl\/web\/2025\/01\/24\/cientos-de-plantas-de-marihuana-fueron-incautadas-por-carabineros-en-los-vilos\/","title":{"rendered":"Cientos de plantas de marihuana fueron incautadas por carabineros en Los Vilos"},"content":{"rendered":"<p><b>En la regi\u00f3n de Coquimbo, carabineros especializados antidrogas decomisaron m\u00e1s de 15.000 plantas de marihuana en pleno crecimiento<\/b><!--more-->.<\/p>\n<p>Esta es la segunda mayor incautaci\u00f3n de cannabis en la historia de la polic\u00eda uniformada en la regi\u00f3n y representa el tercer operativo de intervenci\u00f3n territorial del a\u00f1o.<\/p>\n<p>La operaci\u00f3n, que dur\u00f3 m\u00e1s de 15 horas y fue apoyada por la Secci\u00f3n A\u00e9rea y carabineros territoriales, tambi\u00e9n permiti\u00f3 el decomiso de m\u00e1s de 47 kilos de droga procesada.<\/p>\n<p>Seg\u00fan el jefe de la Zona de <a href=\"https:\/\/www.carabineros.cl\/\">Carabineros<\/a> Coquimbo, este es un golpe significativo contra las personas que est\u00e1n detr\u00e1s del narcotr\u00e1fico.<\/p>\n<p>Se anunci\u00f3 que se investigar\u00e1 a los propietarios de los terrenos donde se encontraron las plantas y que podr\u00edan ser citados ante la fiscal\u00eda para explicar por qu\u00e9 hay plantaciones de marihuana en sus tierras.<\/p>\n<p>Este es el tercer operativo antidrogas del a\u00f1o en la regi\u00f3n y sigue un compromiso de luchar contra el narcotr\u00e1fico.<\/p>\n<p>El OS7 Limar\u00ed ha sido exitoso en esta tarea, con m\u00e1s de 2 toneladas de droga decomisada y 143 personas detenidas por delitos vinculados al narcotr\u00e1fico desde su implementaci\u00f3n en enero.<\/p>\n","protected":false},"excerpt":{"rendered":"<p>En la regi\u00f3n de Coquimbo, carabineros especializados antidrogas decomisaron m\u00e1s de 15.000 plantas de marihuana en pleno crecimiento<\/p>\n","protected":false},"author":2,"featured_media":10853,"comment_status":"closed","ping_status":"open","sticky":false,"template":"","format":"standard","meta":{"_jetpack_memberships_contains_paid_content":false,"jnews-multi-image_gallery":[],"jnews_single_post":[],"jnews_primary_category":[],"jnews_social_meta":[],"jnews_paywall_metabox":[],"jnews_review":[],"enable_review":"","type":"","name":"","summary":"","brand":"","sku":"","good":[],"bad":[],"score_override":"","override_value":"","rating":[],"price":[],"jnews_override_counter":[],"jnews_post_split":[],"footnotes":""},"categories":[21],"tags":[],"class_list":["post-10854","post","type-post","status-publish","format-standard","has-post-thumbnail","hentry","category-nacional"],"jetpack_featured_media_url":"https:\/\/laserenaradio.cl\/web\/wp-content\/uploads\/2025\/01\/homepiaiextractoscrapimg_webpcarabinerosplantasmarihuanaCoquimbo_0.webp","jetpack_sharing_enabled":true,"_links":{"self":[{"href":"https:\/\/laserenaradio.cl\/web\/wp-json\/wp\/v2\/posts\/10854","targetHints":{"allow":["GET"]}}],"collection":[{"href":"https:\/\/laserenaradio.cl\/web\/wp-json\/wp\/v2\/posts"}],"about":[{"href":"https:\/\/laserenaradio.cl\/web\/wp-json\/wp\/v2\/types\/post"}],"author":[{"embeddable":true,"href":"https:\/\/laserenaradio.cl\/web\/wp-json\/wp\/v2\/users\/2"}],"replies":[{"embeddable":true,"href":"https:\/\/laserenaradio.cl\/web\/wp-json\/wp\/v2\/comments?post=10854"}],"version-history":[{"count":1,"href":"https:\/\/laserenaradio.cl\/web\/wp-json\/wp\/v2\/posts\/10854\/revisions"}],"predecessor-version":[{"id":10855,"href":"https:\/\/laserenaradio.cl\/web\/wp-json\/wp\/v2\/posts\/10854\/revisions\/10855"}],"wp:featuredmedia":[{"embeddable":true,"href":"https:\/\/laserenaradio.cl\/web\/wp-json\/wp\/v2\/media\/10853"}],"wp:attachment":[{"href":"https:\/\/laserenaradio.cl\/web\/wp-json\/wp\/v2\/media?parent=10854"}],"wp:term":[{"taxonomy":"category","embeddable":true,"href":"https:\/\/laserenaradio.cl\/web\/wp-json\/wp\/v2\/categories?post=10854"},{"taxonomy":"post_tag","embeddable":true,"href":"https:\/\/laserenaradio.cl\/web\/wp-json\/wp\/v2\/tags?post=10854"}],"curies":[{"name":"wp","href":"https:\/\/api.w.org\/{rel}","templated":true}]}}