{"id":10848,"date":"2025-01-24T13:15:55","date_gmt":"2025-01-24T16:15:55","guid":{"rendered":"https:\/\/laserenaradio.cl\/web\/?p=10848"},"modified":"2025-01-24T13:15:55","modified_gmt":"2025-01-24T16:15:55","slug":"aviso-de-marejadas-afectara-a-13-regiones-del-pais-entre-este-jueves-y-sabado","status":"publish","type":"post","link":"https:\/\/laserenaradio.cl\/web\/2025\/01\/24\/aviso-de-marejadas-afectara-a-13-regiones-del-pais-entre-este-jueves-y-sabado\/","title":{"rendered":"Aviso de marejadas afectar\u00e1 a 13 regiones del pa\u00eds entre este jueves y s\u00e1bado."},"content":{"rendered":"<p><b>El Servicio Meteorol\u00f3gico de Valpara\u00edso (Servimet) ha emitido un aviso de marejadas para 13 regiones de Chile, desde Ancud hasta Arica y el Archipi\u00e9lago Juan Fern\u00e1ndez<\/b><!--more-->.<\/p>\n<p>El fen\u00f3meno ocurrir\u00e1 entre este jueves y s\u00e1bado (23-25 de enero), con la direcci\u00f3n del oleaje siendo suroeste debido a un sistema frontal en el sector oce\u00e1nico zona austral.<\/p>\n<p>La autoridad mar\u00edtima recomienda extremar los cuidados, evitar acercarse a los sectores costeros y actuar con prudencia y cautela.<\/p>\n<p>Rapa Nui no se ver\u00e1 afectado por estas condiciones anormales.<\/p>\n","protected":false},"excerpt":{"rendered":"<p>El Servicio Meteorol\u00f3gico de Valpara\u00edso (Servimet) ha emitido un aviso de marejadas para 13 regiones de Chile, desde Ancud hasta Arica y el Archipi\u00e9lago Juan Fern\u00e1ndez<\/p>\n","protected":false},"author":2,"featured_media":9076,"comment_status":"closed","ping_status":"open","sticky":false,"template":"","format":"standard","meta":{"_jetpack_memberships_contains_paid_content":false,"jnews-multi-image_gallery":[],"jnews_single_post":[],"jnews_primary_category":[],"jnews_social_meta":[],"jnews_paywall_metabox":[],"jnews_review":[],"enable_review":"","type":"","name":"","summary":"","brand":"","sku":"","good":[],"bad":[],"score_override":"","override_value":"","rating":[],"price":[],"jnews_override_counter":[],"jnews_post_split":[],"footnotes":""},"categories":[21],"tags":[],"class_list":["post-10848","post","type-post","status-publish","format-standard","has-post-thumbnail","hentry","category-nacional"],"jetpack_featured_media_url":"https:\/\/laserenaradio.cl\/web\/wp-content\/uploads\/2024\/12\/laserenaradio_nacional.webp","jetpack_sharing_enabled":true,"_links":{"self":[{"href":"https:\/\/laserenaradio.cl\/web\/wp-json\/wp\/v2\/posts\/10848","targetHints":{"allow":["GET"]}}],"collection":[{"href":"https:\/\/laserenaradio.cl\/web\/wp-json\/wp\/v2\/posts"}],"about":[{"href":"https:\/\/laserenaradio.cl\/web\/wp-json\/wp\/v2\/types\/post"}],"author":[{"embeddable":true,"href":"https:\/\/laserenaradio.cl\/web\/wp-json\/wp\/v2\/users\/2"}],"replies":[{"embeddable":true,"href":"https:\/\/laserenaradio.cl\/web\/wp-json\/wp\/v2\/comments?post=10848"}],"version-history":[{"count":1,"href":"https:\/\/laserenaradio.cl\/web\/wp-json\/wp\/v2\/posts\/10848\/revisions"}],"predecessor-version":[{"id":10849,"href":"https:\/\/laserenaradio.cl\/web\/wp-json\/wp\/v2\/posts\/10848\/revisions\/10849"}],"wp:featuredmedia":[{"embeddable":true,"href":"https:\/\/laserenaradio.cl\/web\/wp-json\/wp\/v2\/media\/9076"}],"wp:attachment":[{"href":"https:\/\/laserenaradio.cl\/web\/wp-json\/wp\/v2\/media?parent=10848"}],"wp:term":[{"taxonomy":"category","embeddable":true,"href":"https:\/\/laserenaradio.cl\/web\/wp-json\/wp\/v2\/categories?post=10848"},{"taxonomy":"post_tag","embeddable":true,"href":"https:\/\/laserenaradio.cl\/web\/wp-json\/wp\/v2\/tags?post=10848"}],"curies":[{"name":"wp","href":"https:\/\/api.w.org\/{rel}","templated":true}]}}