{"id":10837,"date":"2025-01-24T12:43:06","date_gmt":"2025-01-24T15:43:06","guid":{"rendered":"https:\/\/laserenaradio.cl\/web\/?p=10837"},"modified":"2025-01-24T12:43:06","modified_gmt":"2025-01-24T15:43:06","slug":"investigan-presunta-orden-de-asesinato-del-teniente-venezolano-ronald-ojeda-por-parte-de-diosdado-cabello","status":"publish","type":"post","link":"https:\/\/laserenaradio.cl\/web\/2025\/01\/24\/investigan-presunta-orden-de-asesinato-del-teniente-venezolano-ronald-ojeda-por-parte-de-diosdado-cabello\/","title":{"rendered":"Investigan presunta orden de asesinato del teniente venezolano Ronald Ojeda por parte de Diosdado Cabello"},"content":{"rendered":"<p><b>La ministra del Interior de Chile, Carolina Toh\u00e1, ha hablado sobre la investigaci\u00f3n del asesinato del teniente venezolano Ronald Ojeda<\/b><!--more-->.<\/p>\n<p>Un testigo clave en la investigaci\u00f3n ha revelado que el crimen fue ordenado por Diosdado Cabello, ministro del Interior del r\u00e9gimen de Nicol\u00e1s Maduro en Venezuela.<\/p>\n<p>Seg\u00fan el testimonio, se utilizaron c\u00e9lulas del Tren de Aragua instaladas en Chile para realizar el secuestro.<\/p>\n<p>Toh\u00e1 ha confirmado que hay antecedentes sustantivos que sugieren la vinculaci\u00f3n entre el crimen e instrucciones de autoridades venezolanas.<\/p>\n<p>La ministra ha asegurado que el Estado chileno no dejar\u00e1 pasar este elemento sin tomar actitudes, y que, si la investigaci\u00f3n contin\u00faa confirmando los elementos mencionados, se recurrir\u00e1 al Tribunal Penal Internacional. Tambi\u00e9n ha anunciado que hay coordinaciones con varios pa\u00edses para buscar a las personas con \u00f3rdenes de b\u00fasqueda.<\/p>\n<p>Toh\u00e1 ha enfatizado que el Estado chileno est\u00e1 seriamente comprometido con la justicia y que investigar\u00e1 y sancionar\u00e1 los delitos cometidos en su territorio, incluso si se trata de solicitudes de extradici\u00f3n por parte de autoridades venezolanas.<\/p>\n","protected":false},"excerpt":{"rendered":"<p>La ministra del Interior de Chile, Carolina Toh\u00e1, ha hablado sobre la investigaci\u00f3n del asesinato del teniente venezolano Ronald Ojeda<\/p>\n","protected":false},"author":2,"featured_media":10836,"comment_status":"closed","ping_status":"open","sticky":false,"template":"","format":"standard","meta":{"_jetpack_memberships_contains_paid_content":false,"jnews-multi-image_gallery":[],"jnews_single_post":[],"jnews_primary_category":[],"jnews_social_meta":[],"jnews_paywall_metabox":[],"jnews_review":[],"enable_review":"","type":"","name":"","summary":"","brand":"","sku":"","good":[],"bad":[],"score_override":"","override_value":"","rating":[],"price":[],"jnews_override_counter":[],"jnews_post_split":[],"footnotes":""},"categories":[83],"tags":[],"class_list":["post-10837","post","type-post","status-publish","format-standard","has-post-thumbnail","hentry","category-politica"],"jetpack_featured_media_url":"https:\/\/laserenaradio.cl\/web\/wp-content\/uploads\/2025\/01\/homepiaiextractoscrapimg_webpChileministraInteriorasesinato_1.webp","jetpack_sharing_enabled":true,"_links":{"self":[{"href":"https:\/\/laserenaradio.cl\/web\/wp-json\/wp\/v2\/posts\/10837","targetHints":{"allow":["GET"]}}],"collection":[{"href":"https:\/\/laserenaradio.cl\/web\/wp-json\/wp\/v2\/posts"}],"about":[{"href":"https:\/\/laserenaradio.cl\/web\/wp-json\/wp\/v2\/types\/post"}],"author":[{"embeddable":true,"href":"https:\/\/laserenaradio.cl\/web\/wp-json\/wp\/v2\/users\/2"}],"replies":[{"embeddable":true,"href":"https:\/\/laserenaradio.cl\/web\/wp-json\/wp\/v2\/comments?post=10837"}],"version-history":[{"count":1,"href":"https:\/\/laserenaradio.cl\/web\/wp-json\/wp\/v2\/posts\/10837\/revisions"}],"predecessor-version":[{"id":10838,"href":"https:\/\/laserenaradio.cl\/web\/wp-json\/wp\/v2\/posts\/10837\/revisions\/10838"}],"wp:featuredmedia":[{"embeddable":true,"href":"https:\/\/laserenaradio.cl\/web\/wp-json\/wp\/v2\/media\/10836"}],"wp:attachment":[{"href":"https:\/\/laserenaradio.cl\/web\/wp-json\/wp\/v2\/media?parent=10837"}],"wp:term":[{"taxonomy":"category","embeddable":true,"href":"https:\/\/laserenaradio.cl\/web\/wp-json\/wp\/v2\/categories?post=10837"},{"taxonomy":"post_tag","embeddable":true,"href":"https:\/\/laserenaradio.cl\/web\/wp-json\/wp\/v2\/tags?post=10837"}],"curies":[{"name":"wp","href":"https:\/\/api.w.org\/{rel}","templated":true}]}}