{"id":10822,"date":"2025-01-23T15:00:00","date_gmt":"2025-01-23T18:00:00","guid":{"rendered":"https:\/\/laserenaradio.cl\/web\/?p=10822"},"modified":"2025-01-23T15:00:00","modified_gmt":"2025-01-23T18:00:00","slug":"la-diputada-paula-labra-solicita-dar-prioridad-a-proyecto-para-eliminar-el-fuero-parlamentario-en-chile","status":"publish","type":"post","link":"https:\/\/laserenaradio.cl\/web\/2025\/01\/23\/la-diputada-paula-labra-solicita-dar-prioridad-a-proyecto-para-eliminar-el-fuero-parlamentario-en-chile\/","title":{"rendered":"La diputada Paula Labra solicita dar prioridad a proyecto para eliminar el fuero parlamentario en Chile"},"content":{"rendered":"<p><b>La diputada Paula Labra ha solicitado al ministro \u00c1lvaro Elizalde dar prioridad a un proyecto para eliminar el &#8220;fuero parlamentario&#8221; de la Constituci\u00f3n, que es un privilegio que protege a los diputados y senadores de ser acusados o detenidos sin una autorizaci\u00f3n previa del Tribunal de Alzada<\/b><!--more-->.<\/p>\n<p>Labra argumenta que este privilegio no es justo y que es necesario someter a los parlamentarios al mismo proceso penal que los ciudadanos comunes.<\/p>\n<p>El proyecto, presentado en 2018 por la diputada Catalina P\u00e9rez, busca eliminar esta protecci\u00f3n constitucional y dejar a los parlamentarios sujetos a medidas cautelares y condenas como cualquier otro ciudadano si son investigados por delitos.<\/p>\n<p>Labra solicita dar prioridad a este proyecto debido a la gravedad de dilatar la investigaci\u00f3n en casos de corrupci\u00f3n que involucran a parlamentarios.<\/p>\n","protected":false},"excerpt":{"rendered":"<p>La diputada Paula Labra ha solicitado al ministro \u00c1lvaro Elizalde dar prioridad a un proyecto para eliminar el &#8220;fuero parlamentario&#8221; de la Constituci\u00f3n, que es un privilegio que protege a los diputados y senadores de ser acusados o detenidos sin una autorizaci\u00f3n previa del Tribunal de Alzada<\/p>\n","protected":false},"author":2,"featured_media":10821,"comment_status":"closed","ping_status":"open","sticky":false,"template":"","format":"standard","meta":{"_jetpack_memberships_contains_paid_content":false,"jnews-multi-image_gallery":[],"jnews_single_post":[],"jnews_primary_category":[],"jnews_social_meta":[],"jnews_paywall_metabox":[],"jnews_review":[],"enable_review":"","type":"","name":"","summary":"","brand":"","sku":"","good":[],"bad":[],"score_override":"","override_value":"","rating":[],"price":[],"jnews_override_counter":[],"jnews_post_split":[],"footnotes":""},"categories":[83],"tags":[],"class_list":["post-10822","post","type-post","status-publish","format-standard","has-post-thumbnail","hentry","category-politica"],"jetpack_featured_media_url":"https:\/\/laserenaradio.cl\/web\/wp-content\/uploads\/2025\/01\/homepiaiextractoscrapimg_webpPaulaLabra_1.webp","jetpack_sharing_enabled":true,"_links":{"self":[{"href":"https:\/\/laserenaradio.cl\/web\/wp-json\/wp\/v2\/posts\/10822","targetHints":{"allow":["GET"]}}],"collection":[{"href":"https:\/\/laserenaradio.cl\/web\/wp-json\/wp\/v2\/posts"}],"about":[{"href":"https:\/\/laserenaradio.cl\/web\/wp-json\/wp\/v2\/types\/post"}],"author":[{"embeddable":true,"href":"https:\/\/laserenaradio.cl\/web\/wp-json\/wp\/v2\/users\/2"}],"replies":[{"embeddable":true,"href":"https:\/\/laserenaradio.cl\/web\/wp-json\/wp\/v2\/comments?post=10822"}],"version-history":[{"count":1,"href":"https:\/\/laserenaradio.cl\/web\/wp-json\/wp\/v2\/posts\/10822\/revisions"}],"predecessor-version":[{"id":10823,"href":"https:\/\/laserenaradio.cl\/web\/wp-json\/wp\/v2\/posts\/10822\/revisions\/10823"}],"wp:featuredmedia":[{"embeddable":true,"href":"https:\/\/laserenaradio.cl\/web\/wp-json\/wp\/v2\/media\/10821"}],"wp:attachment":[{"href":"https:\/\/laserenaradio.cl\/web\/wp-json\/wp\/v2\/media?parent=10822"}],"wp:term":[{"taxonomy":"category","embeddable":true,"href":"https:\/\/laserenaradio.cl\/web\/wp-json\/wp\/v2\/categories?post=10822"},{"taxonomy":"post_tag","embeddable":true,"href":"https:\/\/laserenaradio.cl\/web\/wp-json\/wp\/v2\/tags?post=10822"}],"curies":[{"name":"wp","href":"https:\/\/api.w.org\/{rel}","templated":true}]}}