{"id":10813,"date":"2025-01-23T14:52:36","date_gmt":"2025-01-23T17:52:36","guid":{"rendered":"https:\/\/laserenaradio.cl\/web\/?p=10813"},"modified":"2025-01-23T14:52:36","modified_gmt":"2025-01-23T17:52:36","slug":"tomas-vodanovic-descarta-candidatura-presidencial-y-reitera-compromiso-con-maipu","status":"publish","type":"post","link":"https:\/\/laserenaradio.cl\/web\/2025\/01\/23\/tomas-vodanovic-descarta-candidatura-presidencial-y-reitera-compromiso-con-maipu\/","title":{"rendered":"Tom\u00e1s Vodanovic descarta candidatura presidencial y reitera compromiso con Maip\u00fa"},"content":{"rendered":"<p><b>El alcalde de Maip\u00fa, Tom\u00e1s Vodanovic, reiter\u00f3 su negativa a postularse como candidato presidencial en las elecciones de este a\u00f1o<\/b><!--more-->.<\/p>\n<p>A pesar de las solicitudes de autoridades y figuras cercanas a su sector pol\u00edtico, Vodanovic asegur\u00f3 que no se dejar\u00e1 llevar por ninguna presi\u00f3n y cumplir\u00e1 con sus cuatro a\u00f1os como alcalde de Maip\u00fa, ya que considera que es un compromiso inquebrantable.<\/p>\n","protected":false},"excerpt":{"rendered":"<p>El alcalde de Maip\u00fa, Tom\u00e1s Vodanovic, reiter\u00f3 su negativa a postularse como candidato presidencial en las elecciones de este a\u00f1o<\/p>\n","protected":false},"author":2,"featured_media":10812,"comment_status":"closed","ping_status":"open","sticky":false,"template":"","format":"standard","meta":{"_jetpack_memberships_contains_paid_content":false,"jnews-multi-image_gallery":[],"jnews_single_post":[],"jnews_primary_category":[],"jnews_social_meta":[],"jnews_paywall_metabox":[],"jnews_review":[],"enable_review":"","type":"","name":"","summary":"","brand":"","sku":"","good":[],"bad":[],"score_override":"","override_value":"","rating":[],"price":[],"jnews_override_counter":[],"jnews_post_split":[],"footnotes":""},"categories":[83],"tags":[],"class_list":["post-10813","post","type-post","status-publish","format-standard","has-post-thumbnail","hentry","category-politica"],"jetpack_featured_media_url":"https:\/\/laserenaradio.cl\/web\/wp-content\/uploads\/2025\/01\/homepiaiextractoscrapimg_webpTomasVodanovic_1.webp","jetpack_sharing_enabled":true,"_links":{"self":[{"href":"https:\/\/laserenaradio.cl\/web\/wp-json\/wp\/v2\/posts\/10813","targetHints":{"allow":["GET"]}}],"collection":[{"href":"https:\/\/laserenaradio.cl\/web\/wp-json\/wp\/v2\/posts"}],"about":[{"href":"https:\/\/laserenaradio.cl\/web\/wp-json\/wp\/v2\/types\/post"}],"author":[{"embeddable":true,"href":"https:\/\/laserenaradio.cl\/web\/wp-json\/wp\/v2\/users\/2"}],"replies":[{"embeddable":true,"href":"https:\/\/laserenaradio.cl\/web\/wp-json\/wp\/v2\/comments?post=10813"}],"version-history":[{"count":1,"href":"https:\/\/laserenaradio.cl\/web\/wp-json\/wp\/v2\/posts\/10813\/revisions"}],"predecessor-version":[{"id":10814,"href":"https:\/\/laserenaradio.cl\/web\/wp-json\/wp\/v2\/posts\/10813\/revisions\/10814"}],"wp:featuredmedia":[{"embeddable":true,"href":"https:\/\/laserenaradio.cl\/web\/wp-json\/wp\/v2\/media\/10812"}],"wp:attachment":[{"href":"https:\/\/laserenaradio.cl\/web\/wp-json\/wp\/v2\/media?parent=10813"}],"wp:term":[{"taxonomy":"category","embeddable":true,"href":"https:\/\/laserenaradio.cl\/web\/wp-json\/wp\/v2\/categories?post=10813"},{"taxonomy":"post_tag","embeddable":true,"href":"https:\/\/laserenaradio.cl\/web\/wp-json\/wp\/v2\/tags?post=10813"}],"curies":[{"name":"wp","href":"https:\/\/api.w.org\/{rel}","templated":true}]}}