{"id":10807,"date":"2025-01-23T14:48:15","date_gmt":"2025-01-23T17:48:15","guid":{"rendered":"https:\/\/laserenaradio.cl\/web\/?p=10807"},"modified":"2025-01-23T14:48:15","modified_gmt":"2025-01-23T17:48:15","slug":"embajador-chileno-descarta-cambios-en-la-relacion-con-estados-unidos-a-pesar-de-la-llegada-de-trump","status":"publish","type":"post","link":"https:\/\/laserenaradio.cl\/web\/2025\/01\/23\/embajador-chileno-descarta-cambios-en-la-relacion-con-estados-unidos-a-pesar-de-la-llegada-de-trump\/","title":{"rendered":"Embajador chileno descarta cambios en la relaci\u00f3n con Estados Unidos a pesar de la llegada de Trump"},"content":{"rendered":"<p><b>El embajador de Chile en Estados Unidos, Juan Gabriel Vald\u00e9s, asegur\u00f3 que la llegada de Donald Trump a la presidencia no afectar\u00e1 las relaciones entre ambos pa\u00edses<\/b><!--more-->.<\/p>\n<p>Afirm\u00f3 que una posible suspensi\u00f3n del Programa Visa Waiver (que permite a los ciudadanos chilenos entrar en EE.UU. sin visa) no ser\u00e1 culpa del gobierno de Gabriel Boric, sino m\u00e1s bien del aumento de delitos cometidos por chilenos en territorio estadounidense.<\/p>\n<p>Vald\u00e9s reconoci\u00f3 que la actividad delictiva de chilenos en EE.UU. es un problema y podr\u00eda poner en riesgo el Programa Visa Waiver. Sin embargo, asegur\u00f3 que Chile mantiene una relaci\u00f3n s\u00f3lida con EE.UU., m\u00e1s all\u00e1 de los gobiernos en turno, y que no vemos razones para que la relaci\u00f3n cambie.<\/p>\n<p>Tambi\u00e9n descart\u00f3 que las diferencias ideol\u00f3gicas entre el gobierno de Boric y Trump afecten la relaci\u00f3n entre ambos pa\u00edses.<\/p>\n<p>Adem\u00e1s, rechaz\u00f3 la afirmaci\u00f3n de Trump de que EE.UU. no necesita a Am\u00e9rica Latina, afirmando que esa declaraci\u00f3n no tiene en cuenta la voluntad de asociaci\u00f3n expresada por el canciller estadounidense, Marco Rubio.<\/p>\n","protected":false},"excerpt":{"rendered":"<p>El embajador de Chile en Estados Unidos, Juan Gabriel Vald\u00e9s, asegur\u00f3 que la llegada de Donald Trump a la presidencia no afectar\u00e1 las relaciones entre ambos pa\u00edses<\/p>\n","protected":false},"author":2,"featured_media":10806,"comment_status":"closed","ping_status":"open","sticky":false,"template":"","format":"standard","meta":{"_jetpack_memberships_contains_paid_content":false,"jnews-multi-image_gallery":[],"jnews_single_post":[],"jnews_primary_category":[],"jnews_social_meta":[],"jnews_paywall_metabox":[],"jnews_review":[],"enable_review":"","type":"","name":"","summary":"","brand":"","sku":"","good":[],"bad":[],"score_override":"","override_value":"","rating":[],"price":[],"jnews_override_counter":[],"jnews_post_split":[],"footnotes":""},"categories":[83],"tags":[],"class_list":["post-10807","post","type-post","status-publish","format-standard","has-post-thumbnail","hentry","category-politica"],"jetpack_featured_media_url":"https:\/\/laserenaradio.cl\/web\/wp-content\/uploads\/2025\/01\/homepiaiextractoscrapimg_webpnoentrechilenosTrump_1.webp","jetpack_sharing_enabled":true,"_links":{"self":[{"href":"https:\/\/laserenaradio.cl\/web\/wp-json\/wp\/v2\/posts\/10807","targetHints":{"allow":["GET"]}}],"collection":[{"href":"https:\/\/laserenaradio.cl\/web\/wp-json\/wp\/v2\/posts"}],"about":[{"href":"https:\/\/laserenaradio.cl\/web\/wp-json\/wp\/v2\/types\/post"}],"author":[{"embeddable":true,"href":"https:\/\/laserenaradio.cl\/web\/wp-json\/wp\/v2\/users\/2"}],"replies":[{"embeddable":true,"href":"https:\/\/laserenaradio.cl\/web\/wp-json\/wp\/v2\/comments?post=10807"}],"version-history":[{"count":1,"href":"https:\/\/laserenaradio.cl\/web\/wp-json\/wp\/v2\/posts\/10807\/revisions"}],"predecessor-version":[{"id":10808,"href":"https:\/\/laserenaradio.cl\/web\/wp-json\/wp\/v2\/posts\/10807\/revisions\/10808"}],"wp:featuredmedia":[{"embeddable":true,"href":"https:\/\/laserenaradio.cl\/web\/wp-json\/wp\/v2\/media\/10806"}],"wp:attachment":[{"href":"https:\/\/laserenaradio.cl\/web\/wp-json\/wp\/v2\/media?parent=10807"}],"wp:term":[{"taxonomy":"category","embeddable":true,"href":"https:\/\/laserenaradio.cl\/web\/wp-json\/wp\/v2\/categories?post=10807"},{"taxonomy":"post_tag","embeddable":true,"href":"https:\/\/laserenaradio.cl\/web\/wp-json\/wp\/v2\/tags?post=10807"}],"curies":[{"name":"wp","href":"https:\/\/api.w.org\/{rel}","templated":true}]}}