{"id":10786,"date":"2025-01-23T11:41:27","date_gmt":"2025-01-23T14:41:27","guid":{"rendered":"https:\/\/laserenaradio.cl\/web\/?p=10786"},"modified":"2025-01-23T11:41:27","modified_gmt":"2025-01-23T14:41:27","slug":"el-diputado-becker-cuestiona-la-ausencia-gubernamental-en-operativo-contra-delincuentes-venezolanos","status":"publish","type":"post","link":"https:\/\/laserenaradio.cl\/web\/2025\/01\/23\/el-diputado-becker-cuestiona-la-ausencia-gubernamental-en-operativo-contra-delincuentes-venezolanos\/","title":{"rendered":"El diputado Becker cuestiona la ausencia gubernamental en operativo contra delincuentes venezolanos"},"content":{"rendered":"<p><b>El diputado Miguel Becker, del partido Renovaci\u00f3n Nacional, ha expresado su satisfacci\u00f3n con los recientes avances en la investigaci\u00f3n sobre el asesinato del teniente Ronald Ojeda<\/b><!--more-->.<\/p>\n<p>La comisi\u00f3n investigadora que presidi\u00f3 Becker lleg\u00f3 a la conclusi\u00f3n de que agentes externos, posiblemente vinculados al r\u00e9gimen venezolano, estaban involucrados en el crimen.<\/p>\n<p>Becker se refiri\u00f3 a los recientes operativos policiales en Maip\u00fa, donde se detuvo a varios sospechosos del asesinato de Ojeda y otros casos. Sin embargo, critic\u00f3 la ausencia de representantes del Gobierno en este momento clave para esclarecer el caso.<\/p>\n<p>Tambi\u00e9n cuestion\u00f3 la postura del Partido Comunista durante la investigaci\u00f3n, aludiendo a que se negaron a reconocer la implicancia del r\u00e9gimen venezolano en los hechos.<\/p>\n<p>Finalmente, Becker expres\u00f3 su esperanza de que el fiscal H\u00e9ctor Barros y las polic\u00edas logren toda la informaci\u00f3n necesaria para esclarecer completamente el caso.<\/p>\n<p>En resumen, Becker est\u00e1 satisfecho con los avances de la investigaci\u00f3n pero critica la falta de presencia gubernamental y la negativa del Partido Comunista a reconocer la implicancia del r\u00e9gimen venezolano en el asesinato del teniente Ojeda.<\/p>\n","protected":false},"excerpt":{"rendered":"<p>El diputado Miguel Becker, del partido Renovaci\u00f3n Nacional, ha expresado su satisfacci\u00f3n con los recientes avances en la investigaci\u00f3n sobre el asesinato del teniente Ronald Ojeda<\/p>\n","protected":false},"author":2,"featured_media":9077,"comment_status":"closed","ping_status":"open","sticky":false,"template":"","format":"standard","meta":{"_jetpack_memberships_contains_paid_content":false,"jnews-multi-image_gallery":[],"jnews_single_post":[],"jnews_primary_category":[],"jnews_social_meta":[],"jnews_paywall_metabox":[],"jnews_review":[],"enable_review":"","type":"","name":"","summary":"","brand":"","sku":"","good":[],"bad":[],"score_override":"","override_value":"","rating":[],"price":[],"jnews_override_counter":[],"jnews_post_split":[],"footnotes":""},"categories":[83],"tags":[],"class_list":["post-10786","post","type-post","status-publish","format-standard","has-post-thumbnail","hentry","category-politica"],"jetpack_featured_media_url":"https:\/\/laserenaradio.cl\/web\/wp-content\/uploads\/2024\/12\/laserenaradio_politica.webp","jetpack_sharing_enabled":true,"_links":{"self":[{"href":"https:\/\/laserenaradio.cl\/web\/wp-json\/wp\/v2\/posts\/10786","targetHints":{"allow":["GET"]}}],"collection":[{"href":"https:\/\/laserenaradio.cl\/web\/wp-json\/wp\/v2\/posts"}],"about":[{"href":"https:\/\/laserenaradio.cl\/web\/wp-json\/wp\/v2\/types\/post"}],"author":[{"embeddable":true,"href":"https:\/\/laserenaradio.cl\/web\/wp-json\/wp\/v2\/users\/2"}],"replies":[{"embeddable":true,"href":"https:\/\/laserenaradio.cl\/web\/wp-json\/wp\/v2\/comments?post=10786"}],"version-history":[{"count":1,"href":"https:\/\/laserenaradio.cl\/web\/wp-json\/wp\/v2\/posts\/10786\/revisions"}],"predecessor-version":[{"id":10787,"href":"https:\/\/laserenaradio.cl\/web\/wp-json\/wp\/v2\/posts\/10786\/revisions\/10787"}],"wp:featuredmedia":[{"embeddable":true,"href":"https:\/\/laserenaradio.cl\/web\/wp-json\/wp\/v2\/media\/9077"}],"wp:attachment":[{"href":"https:\/\/laserenaradio.cl\/web\/wp-json\/wp\/v2\/media?parent=10786"}],"wp:term":[{"taxonomy":"category","embeddable":true,"href":"https:\/\/laserenaradio.cl\/web\/wp-json\/wp\/v2\/categories?post=10786"},{"taxonomy":"post_tag","embeddable":true,"href":"https:\/\/laserenaradio.cl\/web\/wp-json\/wp\/v2\/tags?post=10786"}],"curies":[{"name":"wp","href":"https:\/\/api.w.org\/{rel}","templated":true}]}}