{"id":10784,"date":"2025-01-23T11:38:52","date_gmt":"2025-01-23T14:38:52","guid":{"rendered":"https:\/\/laserenaradio.cl\/web\/?p=10784"},"modified":"2025-01-23T11:38:52","modified_gmt":"2025-01-23T14:38:52","slug":"kast-critica-a-la-udi-por-falta-de-identidad-y-asegura-que-jaime-guzman-habria-sido-republicano","status":"publish","type":"post","link":"https:\/\/laserenaradio.cl\/web\/2025\/01\/23\/kast-critica-a-la-udi-por-falta-de-identidad-y-asegura-que-jaime-guzman-habria-sido-republicano\/","title":{"rendered":"Kast critica a la UDI por falta de identidad y asegura que Jaime Guzm\u00e1n habr\u00eda sido republicano"},"content":{"rendered":"<p><b>El candidato presidencial Jos\u00e9 Antonio Kast, del Partido Republicano, ha acusado a la Uni\u00f3n Dem\u00f3crata Independiente (UDI) de tener una &#8220;falta de identidad&#8221;<\/b><!--more-->.<\/p>\n<p>Esto se debe a las declaraciones de Evelyn Matthei, candidata presidencial por Renovaci\u00f3n Nacional y UDI, en las que mencion\u00f3 al fundador del gremialismo Jaime Guzm\u00e1n como inspiraci\u00f3n.<\/p>\n<p>Kast cree que si Jaime Guzm\u00e1n viviera hoy, ser\u00eda un militante republicano.<\/p>\n<p>Tambi\u00e9n critic\u00f3 a la UDI por no tener una l\u00ednea clara sobre temas importantes, como la reforma previsional, y asegur\u00f3 que el l\u00edder de la UDI es incoherente en su toma de decisiones.<\/p>\n","protected":false},"excerpt":{"rendered":"<p>El candidato presidencial Jos\u00e9 Antonio Kast, del Partido Republicano, ha acusado a la Uni\u00f3n Dem\u00f3crata Independiente (UDI) de tener una &#8220;falta de identidad&#8221;<\/p>\n","protected":false},"author":2,"featured_media":10783,"comment_status":"closed","ping_status":"open","sticky":false,"template":"","format":"standard","meta":{"_jetpack_memberships_contains_paid_content":false,"jnews-multi-image_gallery":[],"jnews_single_post":[],"jnews_primary_category":[],"jnews_social_meta":[],"jnews_paywall_metabox":[],"jnews_review":[],"enable_review":"","type":"","name":"","summary":"","brand":"","sku":"","good":[],"bad":[],"score_override":"","override_value":"","rating":[],"price":[],"jnews_override_counter":[],"jnews_post_split":[],"footnotes":""},"categories":[83],"tags":[],"class_list":["post-10784","post","type-post","status-publish","format-standard","has-post-thumbnail","hentry","category-politica"],"jetpack_featured_media_url":"https:\/\/laserenaradio.cl\/web\/wp-content\/uploads\/2025\/01\/homepiaiextractoscrapimg_webpKastUDI_1.webp","jetpack_sharing_enabled":true,"_links":{"self":[{"href":"https:\/\/laserenaradio.cl\/web\/wp-json\/wp\/v2\/posts\/10784","targetHints":{"allow":["GET"]}}],"collection":[{"href":"https:\/\/laserenaradio.cl\/web\/wp-json\/wp\/v2\/posts"}],"about":[{"href":"https:\/\/laserenaradio.cl\/web\/wp-json\/wp\/v2\/types\/post"}],"author":[{"embeddable":true,"href":"https:\/\/laserenaradio.cl\/web\/wp-json\/wp\/v2\/users\/2"}],"replies":[{"embeddable":true,"href":"https:\/\/laserenaradio.cl\/web\/wp-json\/wp\/v2\/comments?post=10784"}],"version-history":[{"count":1,"href":"https:\/\/laserenaradio.cl\/web\/wp-json\/wp\/v2\/posts\/10784\/revisions"}],"predecessor-version":[{"id":10785,"href":"https:\/\/laserenaradio.cl\/web\/wp-json\/wp\/v2\/posts\/10784\/revisions\/10785"}],"wp:featuredmedia":[{"embeddable":true,"href":"https:\/\/laserenaradio.cl\/web\/wp-json\/wp\/v2\/media\/10783"}],"wp:attachment":[{"href":"https:\/\/laserenaradio.cl\/web\/wp-json\/wp\/v2\/media?parent=10784"}],"wp:term":[{"taxonomy":"category","embeddable":true,"href":"https:\/\/laserenaradio.cl\/web\/wp-json\/wp\/v2\/categories?post=10784"},{"taxonomy":"post_tag","embeddable":true,"href":"https:\/\/laserenaradio.cl\/web\/wp-json\/wp\/v2\/tags?post=10784"}],"curies":[{"name":"wp","href":"https:\/\/api.w.org\/{rel}","templated":true}]}}