{"id":10764,"date":"2025-01-22T14:27:31","date_gmt":"2025-01-22T17:27:31","guid":{"rendered":"https:\/\/laserenaradio.cl\/web\/?p=10764"},"modified":"2025-01-22T14:27:31","modified_gmt":"2025-01-22T17:27:31","slug":"la-ministra-del-trabajo-jeannette-jara-pronostica-un-analisis-prolongado-de-la-reforma-de-pensiones-en-el-congreso","status":"publish","type":"post","link":"https:\/\/laserenaradio.cl\/web\/2025\/01\/22\/la-ministra-del-trabajo-jeannette-jara-pronostica-un-analisis-prolongado-de-la-reforma-de-pensiones-en-el-congreso\/","title":{"rendered":"La ministra del Trabajo, Jeannette Jara, pronostica un an\u00e1lisis prolongado de la reforma de pensiones en el Congreso"},"content":{"rendered":"<p><b>La ministra del Trabajo, Jeannette Jara, habl\u00f3 sobre la reforma de pensiones que se est\u00e1 debatiendo en el Congreso<\/b><!--more-->.<\/p>\n<p>Seg\u00fan ella, si la C\u00e1mara de Diputados y el Senado no logran conformar una comisi\u00f3n mixta para discutir la reforma antes del 31 de marzo, es probable que la discusi\u00f3n se retrasara hasta marzo.<\/p>\n<p>Jara tambi\u00e9n dijo que la eliminaci\u00f3n de las Administradoras de Fondos Previsionales (AFP) es un tema dif\u00edcil de abordar, pero que el Gobierno est\u00e1 dispuesto a revisar su posici\u00f3n en ese momento.<\/p>\n<p>La ministra mencion\u00f3 que el Congreso tendr\u00e1 una semana distrital en febrero y luego saldr\u00e1 de vacaciones, lo que dificultar\u00e1 la conformaci\u00f3n de una comisi\u00f3n mixta.<\/p>\n<p>Jara expres\u00f3 su esperanza de que se pueda lograr un acuerdo para reformar las pensiones, pero admiti\u00f3 que es posible que no se eliminen las AFP.<\/p>\n<p>En resumen, Jeannette Jara dijo que el Gobierno est\u00e1 dispuesto a revisar su posici\u00f3n en marzo y que la discusi\u00f3n sobre la reforma de pensiones podr\u00eda retrasarse hasta ese mes.<\/p>\n","protected":false},"excerpt":{"rendered":"<p>La ministra del Trabajo, Jeannette Jara, habl\u00f3 sobre la reforma de pensiones que se est\u00e1 debatiendo en el Congreso<\/p>\n","protected":false},"author":2,"featured_media":10763,"comment_status":"closed","ping_status":"open","sticky":false,"template":"","format":"standard","meta":{"_jetpack_memberships_contains_paid_content":false,"jnews-multi-image_gallery":[],"jnews_single_post":[],"jnews_primary_category":[],"jnews_social_meta":[],"jnews_paywall_metabox":[],"jnews_review":[],"enable_review":"","type":"","name":"","summary":"","brand":"","sku":"","good":[],"bad":[],"score_override":"","override_value":"","rating":[],"price":[],"jnews_override_counter":[],"jnews_post_split":[],"footnotes":""},"categories":[83],"tags":[],"class_list":["post-10764","post","type-post","status-publish","format-standard","has-post-thumbnail","hentry","category-politica"],"jetpack_featured_media_url":"https:\/\/laserenaradio.cl\/web\/wp-content\/uploads\/2025\/01\/homepiaiextractoscrapimg_webpreformapensionesministraJeannetteJara_0.webp","jetpack_sharing_enabled":true,"_links":{"self":[{"href":"https:\/\/laserenaradio.cl\/web\/wp-json\/wp\/v2\/posts\/10764","targetHints":{"allow":["GET"]}}],"collection":[{"href":"https:\/\/laserenaradio.cl\/web\/wp-json\/wp\/v2\/posts"}],"about":[{"href":"https:\/\/laserenaradio.cl\/web\/wp-json\/wp\/v2\/types\/post"}],"author":[{"embeddable":true,"href":"https:\/\/laserenaradio.cl\/web\/wp-json\/wp\/v2\/users\/2"}],"replies":[{"embeddable":true,"href":"https:\/\/laserenaradio.cl\/web\/wp-json\/wp\/v2\/comments?post=10764"}],"version-history":[{"count":1,"href":"https:\/\/laserenaradio.cl\/web\/wp-json\/wp\/v2\/posts\/10764\/revisions"}],"predecessor-version":[{"id":10765,"href":"https:\/\/laserenaradio.cl\/web\/wp-json\/wp\/v2\/posts\/10764\/revisions\/10765"}],"wp:featuredmedia":[{"embeddable":true,"href":"https:\/\/laserenaradio.cl\/web\/wp-json\/wp\/v2\/media\/10763"}],"wp:attachment":[{"href":"https:\/\/laserenaradio.cl\/web\/wp-json\/wp\/v2\/media?parent=10764"}],"wp:term":[{"taxonomy":"category","embeddable":true,"href":"https:\/\/laserenaradio.cl\/web\/wp-json\/wp\/v2\/categories?post=10764"},{"taxonomy":"post_tag","embeddable":true,"href":"https:\/\/laserenaradio.cl\/web\/wp-json\/wp\/v2\/tags?post=10764"}],"curies":[{"name":"wp","href":"https:\/\/api.w.org\/{rel}","templated":true}]}}