{"id":10756,"date":"2025-01-22T14:18:04","date_gmt":"2025-01-22T17:18:04","guid":{"rendered":"https:\/\/laserenaradio.cl\/web\/?p=10756"},"modified":"2025-01-22T14:18:04","modified_gmt":"2025-01-22T17:18:04","slug":"carolina-toha-chile-respalda-trabajo-del-fiscal-barros-en-caso-ronald-ojeda","status":"publish","type":"post","link":"https:\/\/laserenaradio.cl\/web\/2025\/01\/22\/carolina-toha-chile-respalda-trabajo-del-fiscal-barros-en-caso-ronald-ojeda\/","title":{"rendered":"Carolina Toh\u00e1: Chile respalda trabajo del fiscal Barros en caso Ronald Ojeda"},"content":{"rendered":"<p><b>La ministra de Interior, Carolina Toh\u00e1, se refiri\u00f3 al megaoperativo de allanamientos en el caso del exteniente Ronald Ojeda y reiter\u00f3 el respaldo al trabajo del fiscal regional H\u00e9ctor Barros<\/b><!--more-->.<\/p>\n<p>El fiscal hab\u00eda afirmado que exist\u00eda un v\u00ednculo entre el secuestro con posterior homicidio y el r\u00e9gimen de Nicol\u00e1s Maduro en Venezuela.<\/p>\n<p>Toh\u00e1 explic\u00f3 que se respalda el trabajo del fiscal, pero no hace tesis.<\/p>\n<p>En cuanto a la relaci\u00f3n con Venezuela, Toh\u00e1 indic\u00f3 que Chile mantiene relaciones diplom\u00e1ticas, pero ha sido el gobierno venezolano quien tom\u00f3 la decisi\u00f3n de disminuir la presencia de misiones diplom\u00e1ticas y reducir el trabajo consular en Chile.<\/p>\n<p>La ministra agreg\u00f3 que &#8220;no consideramos romper relaciones con otros Estados sea una buena f\u00f3rmula para resolver diferencias&#8221;, pero que Chile seguir\u00e1 operando la justicia y los est\u00e1ndares democr\u00e1ticos, incluso si esto afecta las relaciones con Venezuela.<\/p>\n","protected":false},"excerpt":{"rendered":"<p>La ministra de Interior, Carolina Toh\u00e1, se refiri\u00f3 al megaoperativo de allanamientos en el caso del exteniente Ronald Ojeda y reiter\u00f3 el respaldo al trabajo del fiscal regional H\u00e9ctor Barros<\/p>\n","protected":false},"author":2,"featured_media":10755,"comment_status":"closed","ping_status":"open","sticky":false,"template":"","format":"standard","meta":{"_jetpack_memberships_contains_paid_content":false,"jnews-multi-image_gallery":[],"jnews_single_post":[],"jnews_primary_category":[],"jnews_social_meta":[],"jnews_paywall_metabox":[],"jnews_review":[],"enable_review":"","type":"","name":"","summary":"","brand":"","sku":"","good":[],"bad":[],"score_override":"","override_value":"","rating":[],"price":[],"jnews_override_counter":[],"jnews_post_split":[],"footnotes":""},"categories":[83],"tags":[],"class_list":["post-10756","post","type-post","status-publish","format-standard","has-post-thumbnail","hentry","category-politica"],"jetpack_featured_media_url":"https:\/\/laserenaradio.cl\/web\/wp-content\/uploads\/2025\/01\/homepiaiextractoscrapimg_webpCarolinaToha_0.webp","jetpack_sharing_enabled":true,"_links":{"self":[{"href":"https:\/\/laserenaradio.cl\/web\/wp-json\/wp\/v2\/posts\/10756","targetHints":{"allow":["GET"]}}],"collection":[{"href":"https:\/\/laserenaradio.cl\/web\/wp-json\/wp\/v2\/posts"}],"about":[{"href":"https:\/\/laserenaradio.cl\/web\/wp-json\/wp\/v2\/types\/post"}],"author":[{"embeddable":true,"href":"https:\/\/laserenaradio.cl\/web\/wp-json\/wp\/v2\/users\/2"}],"replies":[{"embeddable":true,"href":"https:\/\/laserenaradio.cl\/web\/wp-json\/wp\/v2\/comments?post=10756"}],"version-history":[{"count":1,"href":"https:\/\/laserenaradio.cl\/web\/wp-json\/wp\/v2\/posts\/10756\/revisions"}],"predecessor-version":[{"id":10757,"href":"https:\/\/laserenaradio.cl\/web\/wp-json\/wp\/v2\/posts\/10756\/revisions\/10757"}],"wp:featuredmedia":[{"embeddable":true,"href":"https:\/\/laserenaradio.cl\/web\/wp-json\/wp\/v2\/media\/10755"}],"wp:attachment":[{"href":"https:\/\/laserenaradio.cl\/web\/wp-json\/wp\/v2\/media?parent=10756"}],"wp:term":[{"taxonomy":"category","embeddable":true,"href":"https:\/\/laserenaradio.cl\/web\/wp-json\/wp\/v2\/categories?post=10756"},{"taxonomy":"post_tag","embeddable":true,"href":"https:\/\/laserenaradio.cl\/web\/wp-json\/wp\/v2\/tags?post=10756"}],"curies":[{"name":"wp","href":"https:\/\/api.w.org\/{rel}","templated":true}]}}