{"id":10732,"date":"2025-01-22T10:06:52","date_gmt":"2025-01-22T13:06:52","guid":{"rendered":"https:\/\/laserenaradio.cl\/web\/?p=10732"},"modified":"2025-01-22T10:06:52","modified_gmt":"2025-01-22T13:06:52","slug":"isabel-allende-asumira-su-declaracion-como-imputada-por-la-compra-de-la-casa-de-su-padre","status":"publish","type":"post","link":"https:\/\/laserenaradio.cl\/web\/2025\/01\/22\/isabel-allende-asumira-su-declaracion-como-imputada-por-la-compra-de-la-casa-de-su-padre\/","title":{"rendered":"Isabel Allende asumir\u00e1 su declaraci\u00f3n como imputada por la compra de la casa de su padre"},"content":{"rendered":"<p><b>La senadora del Partido Socialista, Isabel Allende, se refiri\u00f3 a la citaci\u00f3n que le hicieron desde el Ministerio P\u00fablico por su participaci\u00f3n en la fallida compra de la casa de su padre<\/b><!--more-->.<\/p>\n<p>Dijo que colaborar\u00eda con las instituciones y justicia, como lo hizo con el Tribunal Constitucional, y afirm\u00f3 que siempre actuaron de buena fe sin nada que ocultar.<\/p>\n<p>Reconoci\u00f3 que &#8220;pudo haberme equivocado&#8221; respecto a la inconstitucionalidad del acuerdo con el <a href=\"http:\/\/www.bienesnacionales.cl\/\">Ministerio de Bienes Nacionales<\/a>, pero subray\u00f3 que esto no afectar\u00eda la figura de su padre, Salvador Allende.<\/p>\n","protected":false},"excerpt":{"rendered":"<p>La senadora del Partido Socialista, Isabel Allende, se refiri\u00f3 a la citaci\u00f3n que le hicieron desde el Ministerio P\u00fablico por su participaci\u00f3n en la fallida compra de la casa de su padre<\/p>\n","protected":false},"author":2,"featured_media":9077,"comment_status":"closed","ping_status":"open","sticky":false,"template":"","format":"standard","meta":{"_jetpack_memberships_contains_paid_content":false,"jnews-multi-image_gallery":[],"jnews_single_post":[],"jnews_primary_category":[],"jnews_social_meta":[],"jnews_paywall_metabox":[],"jnews_review":[],"enable_review":"","type":"","name":"","summary":"","brand":"","sku":"","good":[],"bad":[],"score_override":"","override_value":"","rating":[],"price":[],"jnews_override_counter":[],"jnews_post_split":[],"footnotes":""},"categories":[83],"tags":[],"class_list":["post-10732","post","type-post","status-publish","format-standard","has-post-thumbnail","hentry","category-politica"],"jetpack_featured_media_url":"https:\/\/laserenaradio.cl\/web\/wp-content\/uploads\/2024\/12\/laserenaradio_politica.webp","jetpack_sharing_enabled":true,"_links":{"self":[{"href":"https:\/\/laserenaradio.cl\/web\/wp-json\/wp\/v2\/posts\/10732","targetHints":{"allow":["GET"]}}],"collection":[{"href":"https:\/\/laserenaradio.cl\/web\/wp-json\/wp\/v2\/posts"}],"about":[{"href":"https:\/\/laserenaradio.cl\/web\/wp-json\/wp\/v2\/types\/post"}],"author":[{"embeddable":true,"href":"https:\/\/laserenaradio.cl\/web\/wp-json\/wp\/v2\/users\/2"}],"replies":[{"embeddable":true,"href":"https:\/\/laserenaradio.cl\/web\/wp-json\/wp\/v2\/comments?post=10732"}],"version-history":[{"count":1,"href":"https:\/\/laserenaradio.cl\/web\/wp-json\/wp\/v2\/posts\/10732\/revisions"}],"predecessor-version":[{"id":10733,"href":"https:\/\/laserenaradio.cl\/web\/wp-json\/wp\/v2\/posts\/10732\/revisions\/10733"}],"wp:featuredmedia":[{"embeddable":true,"href":"https:\/\/laserenaradio.cl\/web\/wp-json\/wp\/v2\/media\/9077"}],"wp:attachment":[{"href":"https:\/\/laserenaradio.cl\/web\/wp-json\/wp\/v2\/media?parent=10732"}],"wp:term":[{"taxonomy":"category","embeddable":true,"href":"https:\/\/laserenaradio.cl\/web\/wp-json\/wp\/v2\/categories?post=10732"},{"taxonomy":"post_tag","embeddable":true,"href":"https:\/\/laserenaradio.cl\/web\/wp-json\/wp\/v2\/tags?post=10732"}],"curies":[{"name":"wp","href":"https:\/\/api.w.org\/{rel}","templated":true}]}}