{"id":10719,"date":"2025-01-21T20:45:15","date_gmt":"2025-01-21T23:45:15","guid":{"rendered":"https:\/\/laserenaradio.cl\/web\/?p=10719"},"modified":"2025-01-21T20:45:15","modified_gmt":"2025-01-21T23:45:15","slug":"partido-republicano-critica-recorte-presupuestario-a-carabineros-y-pdi","status":"publish","type":"post","link":"https:\/\/laserenaradio.cl\/web\/2025\/01\/21\/partido-republicano-critica-recorte-presupuestario-a-carabineros-y-pdi\/","title":{"rendered":"Partido Republicano critica recorte presupuestario a Carabineros y PDI"},"content":{"rendered":"<p><b>Los diputados del Partido Republicano han expresado sus cr\u00edticas sobre el recorte de fondos a <a href=\"https:\/\/www.carabineros.cl\/\">Carabineros<\/a> y la Polic\u00eda de Investigaciones (<a href=\"https:\/\/www.pdichile.cl\/\">PDI<\/a>), considerando que esto se hace durante una crisis de seguridad en el pa\u00eds<\/b><!--more-->.<\/p>\n<p>A su juicio, es incomprensible que un gobierno que prioriza la seguridad est\u00e9 reduciendo los recursos para las instituciones encargadas de mantenerla.<\/p>\n<p>Los diputados citados expresaron sus preocupaciones:<\/p>\n<p>Luis Fernando S\u00e1nchez mencion\u00f3 que se ha reducido en $500 millones a la <a href=\"https:\/\/www.pdichile.cl\/\">PDI<\/a> y en $2.300 millones a <a href=\"https:\/\/www.carabineros.cl\/\">Carabineros<\/a>, adem\u00e1s del recorte previo de $7.000 millones a la <a href=\"https:\/\/www.fiscaliadechile.cl\/\">Fiscal\u00eda<\/a>. Sostuvo que esto indica que el gobierno est\u00e1 trabajando m\u00e1s a favor de los delincuentes que a favor de las v\u00edctimas.<\/p>\n<p>Cristi\u00e1n Araya acus\u00f3 a la ministra del Interior, Carolina Toh\u00e1, de justificar estos recortes como si fuera un simple detalle y cit\u00f3 ejemplos de situaciones de inseguridad en el pa\u00eds.<\/p>\n<p>Stephan Schubert enfatiz\u00f3 que los recortes perjudican principalmente a los ciudadanos y exigi\u00f3 al gobierno cumplir con lo pactado sobre las rebajas presupuestarias.<\/p>\n<p>En general, estos diputados expresan su creencia de que la seguridad del pa\u00eds est\u00e1 siendo comprometida por estas decisiones presupuestarias.<\/p>\n","protected":false},"excerpt":{"rendered":"<p>Los diputados del Partido Republicano han expresado sus cr\u00edticas sobre el recorte de fondos a Carabineros y la Polic\u00eda de Investigaciones (PDI), considerando que esto se hace durante una crisis de seguridad en el pa\u00eds<\/p>\n","protected":false},"author":2,"featured_media":10718,"comment_status":"closed","ping_status":"open","sticky":false,"template":"","format":"standard","meta":{"_jetpack_memberships_contains_paid_content":false,"jnews-multi-image_gallery":[],"jnews_single_post":[],"jnews_primary_category":[],"jnews_social_meta":[],"jnews_paywall_metabox":[],"jnews_review":[],"enable_review":"","type":"","name":"","summary":"","brand":"","sku":"","good":[],"bad":[],"score_override":"","override_value":"","rating":[],"price":[],"jnews_override_counter":[],"jnews_post_split":[],"footnotes":""},"categories":[83],"tags":[],"class_list":["post-10719","post","type-post","status-publish","format-standard","has-post-thumbnail","hentry","category-politica"],"jetpack_featured_media_url":"https:\/\/laserenaradio.cl\/web\/wp-content\/uploads\/2025\/01\/homepiaiextractoscrapimg_webpdiputadosrecorteCarabinerosseguridad_1.webp","jetpack_sharing_enabled":true,"_links":{"self":[{"href":"https:\/\/laserenaradio.cl\/web\/wp-json\/wp\/v2\/posts\/10719","targetHints":{"allow":["GET"]}}],"collection":[{"href":"https:\/\/laserenaradio.cl\/web\/wp-json\/wp\/v2\/posts"}],"about":[{"href":"https:\/\/laserenaradio.cl\/web\/wp-json\/wp\/v2\/types\/post"}],"author":[{"embeddable":true,"href":"https:\/\/laserenaradio.cl\/web\/wp-json\/wp\/v2\/users\/2"}],"replies":[{"embeddable":true,"href":"https:\/\/laserenaradio.cl\/web\/wp-json\/wp\/v2\/comments?post=10719"}],"version-history":[{"count":1,"href":"https:\/\/laserenaradio.cl\/web\/wp-json\/wp\/v2\/posts\/10719\/revisions"}],"predecessor-version":[{"id":10720,"href":"https:\/\/laserenaradio.cl\/web\/wp-json\/wp\/v2\/posts\/10719\/revisions\/10720"}],"wp:featuredmedia":[{"embeddable":true,"href":"https:\/\/laserenaradio.cl\/web\/wp-json\/wp\/v2\/media\/10718"}],"wp:attachment":[{"href":"https:\/\/laserenaradio.cl\/web\/wp-json\/wp\/v2\/media?parent=10719"}],"wp:term":[{"taxonomy":"category","embeddable":true,"href":"https:\/\/laserenaradio.cl\/web\/wp-json\/wp\/v2\/categories?post=10719"},{"taxonomy":"post_tag","embeddable":true,"href":"https:\/\/laserenaradio.cl\/web\/wp-json\/wp\/v2\/tags?post=10719"}],"curies":[{"name":"wp","href":"https:\/\/api.w.org\/{rel}","templated":true}]}}