{"id":10710,"date":"2025-01-21T20:38:08","date_gmt":"2025-01-21T23:38:08","guid":{"rendered":"https:\/\/laserenaradio.cl\/web\/?p=10710"},"modified":"2025-01-21T20:38:08","modified_gmt":"2025-01-21T23:38:08","slug":"criticas-de-schalper-contra-ministra-jara-por-su-rol-en-la-reforma-previsional","status":"publish","type":"post","link":"https:\/\/laserenaradio.cl\/web\/2025\/01\/21\/criticas-de-schalper-contra-ministra-jara-por-su-rol-en-la-reforma-previsional\/","title":{"rendered":"Cr\u00edticas de Schalper contra Ministra Jara por su rol en la reforma previsional"},"content":{"rendered":"<p><b>El diputado Diego Schalper (Renovaci\u00f3n Nacional) ha criticado al Ministerio del Trabajo de Chile, liderado por Jeannette Jara (Partido Comunista), por su enfoque en la reforma previsional<\/b><!--more-->.<\/p>\n<p>Schalper acusa a Jara de obstaculizar las negociaciones y generar divisiones con sus declaraciones p\u00fablicas, que enfatizan la eliminaci\u00f3n de Administradoras de Fondos Previsionales (AFP) y el uso de fondos para exonerados pol\u00edticos.<\/p>\n<p>Tambi\u00e9n sugiere que los l\u00edderes del Partido Comunista podr\u00edan estar descontentos con un acuerdo que mantiene el sistema privado de salud y el ahorro en la cuenta individual.<\/p>\n<p>Schalper argumenta que, como ministra del Trabajo, Jara debe mantener la templanza y contribuir a generar un ambiente adecuado para las negociaciones. Llama a Jara a mantener el di\u00e1logo y a no buscar conflictos, y le hace un llamado directo a &#8220;templanza, mesura y buscar mantener el ambiente&#8221;.<\/p>\n","protected":false},"excerpt":{"rendered":"<p>El diputado Diego Schalper (Renovaci\u00f3n Nacional) ha criticado al Ministerio del Trabajo de Chile, liderado por Jeannette Jara (Partido Comunista), por su enfoque en la reforma previsional<\/p>\n","protected":false},"author":2,"featured_media":10709,"comment_status":"closed","ping_status":"open","sticky":false,"template":"","format":"standard","meta":{"_jetpack_memberships_contains_paid_content":false,"jnews-multi-image_gallery":[],"jnews_single_post":[],"jnews_primary_category":[],"jnews_social_meta":[],"jnews_paywall_metabox":[],"jnews_review":[],"enable_review":"","type":"","name":"","summary":"","brand":"","sku":"","good":[],"bad":[],"score_override":"","override_value":"","rating":[],"price":[],"jnews_override_counter":[],"jnews_post_split":[],"footnotes":""},"categories":[83],"tags":[],"class_list":["post-10710","post","type-post","status-publish","format-standard","has-post-thumbnail","hentry","category-politica"],"jetpack_featured_media_url":"https:\/\/laserenaradio.cl\/web\/wp-content\/uploads\/2025\/01\/homepiaiextractoscrapimg_webpCriticasSchalper_0.webp","jetpack_sharing_enabled":true,"_links":{"self":[{"href":"https:\/\/laserenaradio.cl\/web\/wp-json\/wp\/v2\/posts\/10710","targetHints":{"allow":["GET"]}}],"collection":[{"href":"https:\/\/laserenaradio.cl\/web\/wp-json\/wp\/v2\/posts"}],"about":[{"href":"https:\/\/laserenaradio.cl\/web\/wp-json\/wp\/v2\/types\/post"}],"author":[{"embeddable":true,"href":"https:\/\/laserenaradio.cl\/web\/wp-json\/wp\/v2\/users\/2"}],"replies":[{"embeddable":true,"href":"https:\/\/laserenaradio.cl\/web\/wp-json\/wp\/v2\/comments?post=10710"}],"version-history":[{"count":1,"href":"https:\/\/laserenaradio.cl\/web\/wp-json\/wp\/v2\/posts\/10710\/revisions"}],"predecessor-version":[{"id":10711,"href":"https:\/\/laserenaradio.cl\/web\/wp-json\/wp\/v2\/posts\/10710\/revisions\/10711"}],"wp:featuredmedia":[{"embeddable":true,"href":"https:\/\/laserenaradio.cl\/web\/wp-json\/wp\/v2\/media\/10709"}],"wp:attachment":[{"href":"https:\/\/laserenaradio.cl\/web\/wp-json\/wp\/v2\/media?parent=10710"}],"wp:term":[{"taxonomy":"category","embeddable":true,"href":"https:\/\/laserenaradio.cl\/web\/wp-json\/wp\/v2\/categories?post=10710"},{"taxonomy":"post_tag","embeddable":true,"href":"https:\/\/laserenaradio.cl\/web\/wp-json\/wp\/v2\/tags?post=10710"}],"curies":[{"name":"wp","href":"https:\/\/api.w.org\/{rel}","templated":true}]}}