{"id":10702,"date":"2025-01-21T16:00:34","date_gmt":"2025-01-21T19:00:34","guid":{"rendered":"https:\/\/laserenaradio.cl\/web\/?p=10702"},"modified":"2025-01-21T16:00:34","modified_gmt":"2025-01-21T19:00:34","slug":"la-camara-de-diputados-aprueba-proyecto-del-sistema-nacional-de-inteligencia-del-estado","status":"publish","type":"post","link":"https:\/\/laserenaradio.cl\/web\/2025\/01\/21\/la-camara-de-diputados-aprueba-proyecto-del-sistema-nacional-de-inteligencia-del-estado\/","title":{"rendered":"La C\u00e1mara de Diputados aprueba proyecto del Sistema Nacional de Inteligencia del Estado."},"content":{"rendered":"<p><b>La Comisi\u00f3n de Defensa de la C\u00e1mara de Diputados ha aprobado un proyecto para crear un nuevo Sistema Nacional de Inteligencia del Estado<\/b><!--more-->.<\/p>\n<p>Despu\u00e9s de casi siete a\u00f1os de tramitaci\u00f3n, la iniciativa ahora avanzar\u00e1 hacia la Comisi\u00f3n de Hacienda.<\/p>\n<p>La presidenta de la Comisi\u00f3n de Defensa, diputada Camila Flores, destac\u00f3 la importancia de este logro y se\u00f1al\u00f3 que el nuevo sistema permitir\u00e1 al Presidente de la Rep\u00fablica tomar mejores decisiones con informaci\u00f3n oportuna y proteger la inteligencia de las Fuerzas Armadas y polic\u00edas.<\/p>\n<p>El proyecto busca modernizar y fortalecer las capacidades del Estado en materia de inteligencia, incluyendo la creaci\u00f3n de un nuevo sistema m\u00e1s eficiente y eficaz para la entrega de informaci\u00f3n a las autoridades pol\u00edticas.<\/p>\n<p>La ley tambi\u00e9n incorpora una supervisi\u00f3n m\u00e1s estricta en el uso de herramientas de inteligencia y establece facultades claras y espec\u00edficas para la nueva Agencia Nacional de Inteligencia Civil (ANIC).<\/p>\n<p>El avance de la ley coincide con un debate nacional sobre la necesidad de actualizar las herramientas de inteligencia del Estado.<\/p>\n<p>Se espera que la Ley de Inteligencia sea despachada a ley durante el primer semestre del a\u00f1o.<\/p>\n","protected":false},"excerpt":{"rendered":"<p>La Comisi\u00f3n de Defensa de la C\u00e1mara de Diputados ha aprobado un proyecto para crear un nuevo Sistema Nacional de Inteligencia del Estado<\/p>\n","protected":false},"author":2,"featured_media":10701,"comment_status":"closed","ping_status":"open","sticky":false,"template":"","format":"standard","meta":{"_jetpack_memberships_contains_paid_content":false,"jnews-multi-image_gallery":[],"jnews_single_post":[],"jnews_primary_category":[],"jnews_social_meta":[],"jnews_paywall_metabox":[],"jnews_review":[],"enable_review":"","type":"","name":"","summary":"","brand":"","sku":"","good":[],"bad":[],"score_override":"","override_value":"","rating":[],"price":[],"jnews_override_counter":[],"jnews_post_split":[],"footnotes":""},"categories":[83],"tags":[],"class_list":["post-10702","post","type-post","status-publish","format-standard","has-post-thumbnail","hentry","category-politica"],"jetpack_featured_media_url":"https:\/\/laserenaradio.cl\/web\/wp-content\/uploads\/2025\/01\/homepiaiextractoscrapimg_webpCamaraDiputados_1.webp","jetpack_sharing_enabled":true,"_links":{"self":[{"href":"https:\/\/laserenaradio.cl\/web\/wp-json\/wp\/v2\/posts\/10702","targetHints":{"allow":["GET"]}}],"collection":[{"href":"https:\/\/laserenaradio.cl\/web\/wp-json\/wp\/v2\/posts"}],"about":[{"href":"https:\/\/laserenaradio.cl\/web\/wp-json\/wp\/v2\/types\/post"}],"author":[{"embeddable":true,"href":"https:\/\/laserenaradio.cl\/web\/wp-json\/wp\/v2\/users\/2"}],"replies":[{"embeddable":true,"href":"https:\/\/laserenaradio.cl\/web\/wp-json\/wp\/v2\/comments?post=10702"}],"version-history":[{"count":1,"href":"https:\/\/laserenaradio.cl\/web\/wp-json\/wp\/v2\/posts\/10702\/revisions"}],"predecessor-version":[{"id":10703,"href":"https:\/\/laserenaradio.cl\/web\/wp-json\/wp\/v2\/posts\/10702\/revisions\/10703"}],"wp:featuredmedia":[{"embeddable":true,"href":"https:\/\/laserenaradio.cl\/web\/wp-json\/wp\/v2\/media\/10701"}],"wp:attachment":[{"href":"https:\/\/laserenaradio.cl\/web\/wp-json\/wp\/v2\/media?parent=10702"}],"wp:term":[{"taxonomy":"category","embeddable":true,"href":"https:\/\/laserenaradio.cl\/web\/wp-json\/wp\/v2\/categories?post=10702"},{"taxonomy":"post_tag","embeddable":true,"href":"https:\/\/laserenaradio.cl\/web\/wp-json\/wp\/v2\/tags?post=10702"}],"curies":[{"name":"wp","href":"https:\/\/api.w.org\/{rel}","templated":true}]}}