{"id":10693,"date":"2025-01-21T15:20:19","date_gmt":"2025-01-21T18:20:19","guid":{"rendered":"https:\/\/laserenaradio.cl\/web\/?p=10693"},"modified":"2025-01-21T15:20:19","modified_gmt":"2025-01-21T18:20:19","slug":"ministra-y-senadora-de-la-familia-allende-citadas-como-imputadas-en-investigacion-sobre-compra-fallida-de-vivienda-del-ex-presidente","status":"publish","type":"post","link":"https:\/\/laserenaradio.cl\/web\/2025\/01\/21\/ministra-y-senadora-de-la-familia-allende-citadas-como-imputadas-en-investigacion-sobre-compra-fallida-de-vivienda-del-ex-presidente\/","title":{"rendered":"Ministra y senadora de la familia Allende citadas como imputadas en investigaci\u00f3n sobre compra fallida de vivienda del ex presidente"},"content":{"rendered":"<p><b>La ministra de Defensa Maya Fern\u00e1ndez y la senadora Isabel Allende (hija del ex presidente Salvador Allende) ser\u00e1n citadas a declarar en una causa relacionada con la compra fallida de la vivienda del ex presidente Allende<\/b><!--more-->.<\/p>\n<p>La secretaria de Estado deber\u00e1 declarar el 23 de enero a las 15:00 horas, mientras que la senadora lo har\u00e1 el 24 de enero a las 09:00 horas.<\/p>\n","protected":false},"excerpt":{"rendered":"<p>La ministra de Defensa Maya Fern\u00e1ndez y la senadora Isabel Allende (hija del ex presidente Salvador Allende) ser\u00e1n citadas a declarar en una causa relacionada con la compra fallida de la vivienda del ex presidente Allende<\/p>\n","protected":false},"author":2,"featured_media":10692,"comment_status":"closed","ping_status":"open","sticky":false,"template":"","format":"standard","meta":{"_jetpack_memberships_contains_paid_content":false,"jnews-multi-image_gallery":[],"jnews_single_post":[],"jnews_primary_category":[],"jnews_social_meta":[],"jnews_paywall_metabox":[],"jnews_review":[],"enable_review":"","type":"","name":"","summary":"","brand":"","sku":"","good":[],"bad":[],"score_override":"","override_value":"","rating":[],"price":[],"jnews_override_counter":[],"jnews_post_split":[],"footnotes":""},"categories":[83],"tags":[],"class_list":["post-10693","post","type-post","status-publish","format-standard","has-post-thumbnail","hentry","category-politica"],"jetpack_featured_media_url":"https:\/\/laserenaradio.cl\/web\/wp-content\/uploads\/2025\/01\/homepiaiextractoscrapimg_webpMinistraAllende_1.webp","jetpack_sharing_enabled":true,"_links":{"self":[{"href":"https:\/\/laserenaradio.cl\/web\/wp-json\/wp\/v2\/posts\/10693","targetHints":{"allow":["GET"]}}],"collection":[{"href":"https:\/\/laserenaradio.cl\/web\/wp-json\/wp\/v2\/posts"}],"about":[{"href":"https:\/\/laserenaradio.cl\/web\/wp-json\/wp\/v2\/types\/post"}],"author":[{"embeddable":true,"href":"https:\/\/laserenaradio.cl\/web\/wp-json\/wp\/v2\/users\/2"}],"replies":[{"embeddable":true,"href":"https:\/\/laserenaradio.cl\/web\/wp-json\/wp\/v2\/comments?post=10693"}],"version-history":[{"count":1,"href":"https:\/\/laserenaradio.cl\/web\/wp-json\/wp\/v2\/posts\/10693\/revisions"}],"predecessor-version":[{"id":10694,"href":"https:\/\/laserenaradio.cl\/web\/wp-json\/wp\/v2\/posts\/10693\/revisions\/10694"}],"wp:featuredmedia":[{"embeddable":true,"href":"https:\/\/laserenaradio.cl\/web\/wp-json\/wp\/v2\/media\/10692"}],"wp:attachment":[{"href":"https:\/\/laserenaradio.cl\/web\/wp-json\/wp\/v2\/media?parent=10693"}],"wp:term":[{"taxonomy":"category","embeddable":true,"href":"https:\/\/laserenaradio.cl\/web\/wp-json\/wp\/v2\/categories?post=10693"},{"taxonomy":"post_tag","embeddable":true,"href":"https:\/\/laserenaradio.cl\/web\/wp-json\/wp\/v2\/tags?post=10693"}],"curies":[{"name":"wp","href":"https:\/\/api.w.org\/{rel}","templated":true}]}}