{"id":10660,"date":"2025-01-21T11:04:10","date_gmt":"2025-01-21T14:04:10","guid":{"rendered":"https:\/\/laserenaradio.cl\/web\/?p=10660"},"modified":"2025-01-21T11:04:10","modified_gmt":"2025-01-21T14:04:10","slug":"la-reforma-previsional-seguira-su-camino-en-el-congreso-llega-a-la-comision-de-hacienda-del-senado","status":"publish","type":"post","link":"https:\/\/laserenaradio.cl\/web\/2025\/01\/21\/la-reforma-previsional-seguira-su-camino-en-el-congreso-llega-a-la-comision-de-hacienda-del-senado\/","title":{"rendered":"La reforma previsional seguir\u00e1 su camino en el Congreso: llega a la Comisi\u00f3n de Hacienda del Senado"},"content":{"rendered":"<p><b>La reforma previsional en Chile est\u00e1 pasando por el proceso de aprobaci\u00f3n legislativa<\/b><!--more-->.<\/p>\n<p>Despu\u00e9s de ser aprobada en la C\u00e1mara de Diputados, ahora debe ser aprobada en la Comisi\u00f3n de Hacienda del Senado.<\/p>\n<p>El presidente de esta comisi\u00f3n, Felipe Kast, ha indicado que se enfocar\u00e1 en la sostenibilidad fiscal del proyecto y que convocar\u00e1 al Consejo Fiscal Aut\u00f3nomo para obtener su opini\u00f3n t\u00e9cnica sobre c\u00f3mo documentar la nueva deuda p\u00fablica generada por la reforma.<\/p>\n<p>Algunos senadores han expresado preocupaci\u00f3n por los efectos fiscales del proyecto, incluyendo a Evelyn Matthei y Ximena Rinc\u00f3n, quien ha pedido esperar las conclusiones del CFA (Consejo Fiscal Aut\u00f3nomo) antes de tomar una decisi\u00f3n sobre c\u00f3mo votar.<\/p>\n","protected":false},"excerpt":{"rendered":"<p>La reforma previsional en Chile est\u00e1 pasando por el proceso de aprobaci\u00f3n legislativa<\/p>\n","protected":false},"author":2,"featured_media":9077,"comment_status":"closed","ping_status":"open","sticky":false,"template":"","format":"standard","meta":{"_jetpack_memberships_contains_paid_content":false,"jnews-multi-image_gallery":[],"jnews_single_post":[],"jnews_primary_category":[],"jnews_social_meta":[],"jnews_paywall_metabox":[],"jnews_review":[],"enable_review":"","type":"","name":"","summary":"","brand":"","sku":"","good":[],"bad":[],"score_override":"","override_value":"","rating":[],"price":[],"jnews_override_counter":[],"jnews_post_split":[],"footnotes":""},"categories":[83],"tags":[],"class_list":["post-10660","post","type-post","status-publish","format-standard","has-post-thumbnail","hentry","category-politica"],"jetpack_featured_media_url":"https:\/\/laserenaradio.cl\/web\/wp-content\/uploads\/2024\/12\/laserenaradio_politica.webp","jetpack_sharing_enabled":true,"_links":{"self":[{"href":"https:\/\/laserenaradio.cl\/web\/wp-json\/wp\/v2\/posts\/10660","targetHints":{"allow":["GET"]}}],"collection":[{"href":"https:\/\/laserenaradio.cl\/web\/wp-json\/wp\/v2\/posts"}],"about":[{"href":"https:\/\/laserenaradio.cl\/web\/wp-json\/wp\/v2\/types\/post"}],"author":[{"embeddable":true,"href":"https:\/\/laserenaradio.cl\/web\/wp-json\/wp\/v2\/users\/2"}],"replies":[{"embeddable":true,"href":"https:\/\/laserenaradio.cl\/web\/wp-json\/wp\/v2\/comments?post=10660"}],"version-history":[{"count":1,"href":"https:\/\/laserenaradio.cl\/web\/wp-json\/wp\/v2\/posts\/10660\/revisions"}],"predecessor-version":[{"id":10661,"href":"https:\/\/laserenaradio.cl\/web\/wp-json\/wp\/v2\/posts\/10660\/revisions\/10661"}],"wp:featuredmedia":[{"embeddable":true,"href":"https:\/\/laserenaradio.cl\/web\/wp-json\/wp\/v2\/media\/9077"}],"wp:attachment":[{"href":"https:\/\/laserenaradio.cl\/web\/wp-json\/wp\/v2\/media?parent=10660"}],"wp:term":[{"taxonomy":"category","embeddable":true,"href":"https:\/\/laserenaradio.cl\/web\/wp-json\/wp\/v2\/categories?post=10660"},{"taxonomy":"post_tag","embeddable":true,"href":"https:\/\/laserenaradio.cl\/web\/wp-json\/wp\/v2\/tags?post=10660"}],"curies":[{"name":"wp","href":"https:\/\/api.w.org\/{rel}","templated":true}]}}