{"id":10655,"date":"2025-01-21T10:54:28","date_gmt":"2025-01-21T13:54:28","guid":{"rendered":"https:\/\/laserenaradio.cl\/web\/?p=10655"},"modified":"2025-01-21T10:54:28","modified_gmt":"2025-01-21T13:54:28","slug":"nombramiento-de-la-hermana-del-ministro-de-la-segpres-genera-cuestionamientos-y-reparos-en-oposicion","status":"publish","type":"post","link":"https:\/\/laserenaradio.cl\/web\/2025\/01\/21\/nombramiento-de-la-hermana-del-ministro-de-la-segpres-genera-cuestionamientos-y-reparos-en-oposicion\/","title":{"rendered":"Nombramiento de la hermana del ministro de la Segpres genera cuestionamientos y reparos en oposici\u00f3n"},"content":{"rendered":"<p><b>Mar\u00eda Eugenia Elizalde Soto, hermana del ministro \u00c1lvaro Elizalde, fue designada por el Servicio Civil como subdirectora de sistemas de informaci\u00f3n y administraci\u00f3n en el <a href=\"http:\/\/www.ips.gob.cl\/\">Instituto de Previsi\u00f3n Social<\/a> (IPS)<\/b><!--more-->.<\/p>\n<p>El proceso de selecci\u00f3n comenz\u00f3 en septiembre y recibi\u00f3 235 postulaciones.<\/p>\n<p>Despu\u00e9s de un an\u00e1lisis curricular y entrevistas con nueve candidatos, Elizalde fue seleccionada para ocupar el cargo.<\/p>\n<p>El nombramiento ha generado cuestionamientos desde la oposici\u00f3n, ya que se considera una designaci\u00f3n inapropiada por v\u00ednculo familiar.<\/p>\n<p>El diputado Frank Sauerbaum (RN) dijo que esto va en contra de la ley y vulnera las promesas del Presidente Boric sobre transparencia y terminar con pr\u00e1cticas poco \u00e9ticas en los nombramientos p\u00fablicos.<\/p>\n<p>La UDI tambi\u00e9n expres\u00f3 su preocupaci\u00f3n, se\u00f1alando que, si bien formalmente no existe obst\u00e1culo para el nombramiento de una hermana de un ministro, es preocupante que aparezcan estas cuestiones de nepotismo.<\/p>\n<p>Se exige explicaciones y revisi\u00f3n del nombramiento.<\/p>\n","protected":false},"excerpt":{"rendered":"<p>Mar\u00eda Eugenia Elizalde Soto, hermana del ministro \u00c1lvaro Elizalde, fue designada por el Servicio Civil como subdirectora de sistemas de informaci\u00f3n y administraci\u00f3n en el Instituto de Previsi\u00f3n Social (IPS)<\/p>\n","protected":false},"author":2,"featured_media":10654,"comment_status":"closed","ping_status":"open","sticky":false,"template":"","format":"standard","meta":{"_jetpack_memberships_contains_paid_content":false,"jnews-multi-image_gallery":[],"jnews_single_post":[],"jnews_primary_category":[],"jnews_social_meta":[],"jnews_paywall_metabox":[],"jnews_review":[],"enable_review":"","type":"","name":"","summary":"","brand":"","sku":"","good":[],"bad":[],"score_override":"","override_value":"","rating":[],"price":[],"jnews_override_counter":[],"jnews_post_split":[],"footnotes":""},"categories":[83],"tags":[],"class_list":["post-10655","post","type-post","status-publish","format-standard","has-post-thumbnail","hentry","category-politica"],"jetpack_featured_media_url":"https:\/\/laserenaradio.cl\/web\/wp-content\/uploads\/2025\/01\/homepiaiextractoscrapimg_webphermanaministronombramientoElizalde_1.webp","jetpack_sharing_enabled":true,"_links":{"self":[{"href":"https:\/\/laserenaradio.cl\/web\/wp-json\/wp\/v2\/posts\/10655","targetHints":{"allow":["GET"]}}],"collection":[{"href":"https:\/\/laserenaradio.cl\/web\/wp-json\/wp\/v2\/posts"}],"about":[{"href":"https:\/\/laserenaradio.cl\/web\/wp-json\/wp\/v2\/types\/post"}],"author":[{"embeddable":true,"href":"https:\/\/laserenaradio.cl\/web\/wp-json\/wp\/v2\/users\/2"}],"replies":[{"embeddable":true,"href":"https:\/\/laserenaradio.cl\/web\/wp-json\/wp\/v2\/comments?post=10655"}],"version-history":[{"count":1,"href":"https:\/\/laserenaradio.cl\/web\/wp-json\/wp\/v2\/posts\/10655\/revisions"}],"predecessor-version":[{"id":10656,"href":"https:\/\/laserenaradio.cl\/web\/wp-json\/wp\/v2\/posts\/10655\/revisions\/10656"}],"wp:featuredmedia":[{"embeddable":true,"href":"https:\/\/laserenaradio.cl\/web\/wp-json\/wp\/v2\/media\/10654"}],"wp:attachment":[{"href":"https:\/\/laserenaradio.cl\/web\/wp-json\/wp\/v2\/media?parent=10655"}],"wp:term":[{"taxonomy":"category","embeddable":true,"href":"https:\/\/laserenaradio.cl\/web\/wp-json\/wp\/v2\/categories?post=10655"},{"taxonomy":"post_tag","embeddable":true,"href":"https:\/\/laserenaradio.cl\/web\/wp-json\/wp\/v2\/tags?post=10655"}],"curies":[{"name":"wp","href":"https:\/\/api.w.org\/{rel}","templated":true}]}}