{"id":10637,"date":"2025-01-20T15:35:28","date_gmt":"2025-01-20T18:35:28","guid":{"rendered":"https:\/\/laserenaradio.cl\/web\/?p=10637"},"modified":"2025-01-20T15:35:28","modified_gmt":"2025-01-20T18:35:28","slug":"la-diputada-maite-orsini-descarta-renunciar-al-frente-amplio","status":"publish","type":"post","link":"https:\/\/laserenaradio.cl\/web\/2025\/01\/20\/la-diputada-maite-orsini-descarta-renunciar-al-frente-amplio\/","title":{"rendered":"La diputada Maite Orsini descarta renunciar al Frente Amplio"},"content":{"rendered":"<p><b>La diputada Maite Orsini ha descartado renunciar al Frente Amplio despu\u00e9s de regresar a sus actividades legislativas<\/b><!--more-->.<\/p>\n<p>Ha asegurado que no pensaba en renunciar y espera ser juzgada de manera objetiva por su actuaci\u00f3n, especialmente con respecto a la pol\u00e9mica creada por su intervenci\u00f3n en el caso del exfutbolista Jorge Valdivia.<\/p>\n","protected":false},"excerpt":{"rendered":"<p>La diputada Maite Orsini ha descartado renunciar al Frente Amplio despu\u00e9s de regresar a sus actividades legislativas<\/p>\n","protected":false},"author":2,"featured_media":10636,"comment_status":"closed","ping_status":"open","sticky":false,"template":"","format":"standard","meta":{"_jetpack_memberships_contains_paid_content":false,"jnews-multi-image_gallery":[],"jnews_single_post":[],"jnews_primary_category":[],"jnews_social_meta":[],"jnews_paywall_metabox":[],"jnews_review":[],"enable_review":"","type":"","name":"","summary":"","brand":"","sku":"","good":[],"bad":[],"score_override":"","override_value":"","rating":[],"price":[],"jnews_override_counter":[],"jnews_post_split":[],"footnotes":""},"categories":[83],"tags":[],"class_list":["post-10637","post","type-post","status-publish","format-standard","has-post-thumbnail","hentry","category-politica"],"jetpack_featured_media_url":"https:\/\/laserenaradio.cl\/web\/wp-content\/uploads\/2025\/01\/homepiaiextractoscrapimg_webpdiputadaMaiteOrsinirenunciaral_1.webp","jetpack_sharing_enabled":true,"_links":{"self":[{"href":"https:\/\/laserenaradio.cl\/web\/wp-json\/wp\/v2\/posts\/10637","targetHints":{"allow":["GET"]}}],"collection":[{"href":"https:\/\/laserenaradio.cl\/web\/wp-json\/wp\/v2\/posts"}],"about":[{"href":"https:\/\/laserenaradio.cl\/web\/wp-json\/wp\/v2\/types\/post"}],"author":[{"embeddable":true,"href":"https:\/\/laserenaradio.cl\/web\/wp-json\/wp\/v2\/users\/2"}],"replies":[{"embeddable":true,"href":"https:\/\/laserenaradio.cl\/web\/wp-json\/wp\/v2\/comments?post=10637"}],"version-history":[{"count":1,"href":"https:\/\/laserenaradio.cl\/web\/wp-json\/wp\/v2\/posts\/10637\/revisions"}],"predecessor-version":[{"id":10638,"href":"https:\/\/laserenaradio.cl\/web\/wp-json\/wp\/v2\/posts\/10637\/revisions\/10638"}],"wp:featuredmedia":[{"embeddable":true,"href":"https:\/\/laserenaradio.cl\/web\/wp-json\/wp\/v2\/media\/10636"}],"wp:attachment":[{"href":"https:\/\/laserenaradio.cl\/web\/wp-json\/wp\/v2\/media?parent=10637"}],"wp:term":[{"taxonomy":"category","embeddable":true,"href":"https:\/\/laserenaradio.cl\/web\/wp-json\/wp\/v2\/categories?post=10637"},{"taxonomy":"post_tag","embeddable":true,"href":"https:\/\/laserenaradio.cl\/web\/wp-json\/wp\/v2\/tags?post=10637"}],"curies":[{"name":"wp","href":"https:\/\/api.w.org\/{rel}","templated":true}]}}