{"id":10631,"date":"2025-01-20T15:10:43","date_gmt":"2025-01-20T18:10:43","guid":{"rendered":"https:\/\/laserenaradio.cl\/web\/?p=10631"},"modified":"2025-01-20T15:10:43","modified_gmt":"2025-01-20T18:10:43","slug":"parlamentarios-del-partido-republicano-exigen-medidas-urgentes-para-proteger-a-ninos-y-adolescentes-victimas-de-explotacion-sexual-y-violencia-armada","status":"publish","type":"post","link":"https:\/\/laserenaradio.cl\/web\/2025\/01\/20\/parlamentarios-del-partido-republicano-exigen-medidas-urgentes-para-proteger-a-ninos-y-adolescentes-victimas-de-explotacion-sexual-y-violencia-armada\/","title":{"rendered":"Parlamentarios del Partido Republicano exigen medidas urgentes para proteger a ni\u00f1os y adolescentes v\u00edctimas de explotaci\u00f3n sexual y violencia armada"},"content":{"rendered":"<p><b>Los diputados del Partido Republicano, Catalina del Real y Stephan Schubert, han presentado una carta al presidente Gabriel Boric exigiendo reformas urgentes en el Ministerio de Desarrollo Social debido a la &#8220;catastr\u00f3fica&#8221; situaci\u00f3n de violencia y explotaci\u00f3n infantil en Chile<\/b><!--more-->.<\/p>\n<p>Seg\u00fan cifras del Observatorio de Derechos de la Defensor\u00eda de la Ni\u00f1ez, 78 de cada 1.000 ni\u00f1os y adolescentes en el sistema de protecci\u00f3n son v\u00edctimas de transgresiones y 51 menores murieron por armas de fuego en 2024.<\/p>\n<p>Los diputados han criticado los recortes presupuestarios que afectan la fiscalizaci\u00f3n del delito y est\u00e1n exigiendo que se aumenten los recursos para la <a href=\"https:\/\/www.fiscaliadechile.cl\/\">Fiscal\u00eda<\/a>.<\/p>\n<p>Tambi\u00e9n est\u00e1n solicitando cambios profundos en el sistema para proteger a los menores en situaci\u00f3n de vulnerabilidad, as\u00ed como una pol\u00edtica integral para garantizar sus derechos.<\/p>\n<p>En su carta, los diputados han dicho que &#8220;la crisis de la ni\u00f1ez en Chile exige respuestas inmediatas y efectivas&#8221; y est\u00e1n insistiendo hasta ver resultados.<\/p>\n<p>Est\u00e1n pidiendo al presidente Boric que priorice la protecci\u00f3n de los menores y ponga fin a la impunidad.<\/p>\n","protected":false},"excerpt":{"rendered":"<p>Los diputados del Partido Republicano, Catalina del Real y Stephan Schubert, han presentado una carta al presidente Gabriel Boric exigiendo reformas urgentes en el Ministerio de Desarrollo Social debido a la &#8220;catastr\u00f3fica&#8221; situaci\u00f3n de violencia y explotaci\u00f3n infantil en Chile<\/p>\n","protected":false},"author":2,"featured_media":9077,"comment_status":"closed","ping_status":"open","sticky":false,"template":"","format":"standard","meta":{"_jetpack_memberships_contains_paid_content":false,"jnews-multi-image_gallery":[],"jnews_single_post":[],"jnews_primary_category":[],"jnews_social_meta":[],"jnews_paywall_metabox":[],"jnews_review":[],"enable_review":"","type":"","name":"","summary":"","brand":"","sku":"","good":[],"bad":[],"score_override":"","override_value":"","rating":[],"price":[],"jnews_override_counter":[],"jnews_post_split":[],"footnotes":""},"categories":[83],"tags":[],"class_list":["post-10631","post","type-post","status-publish","format-standard","has-post-thumbnail","hentry","category-politica"],"jetpack_featured_media_url":"https:\/\/laserenaradio.cl\/web\/wp-content\/uploads\/2024\/12\/laserenaradio_politica.webp","jetpack_sharing_enabled":true,"_links":{"self":[{"href":"https:\/\/laserenaradio.cl\/web\/wp-json\/wp\/v2\/posts\/10631","targetHints":{"allow":["GET"]}}],"collection":[{"href":"https:\/\/laserenaradio.cl\/web\/wp-json\/wp\/v2\/posts"}],"about":[{"href":"https:\/\/laserenaradio.cl\/web\/wp-json\/wp\/v2\/types\/post"}],"author":[{"embeddable":true,"href":"https:\/\/laserenaradio.cl\/web\/wp-json\/wp\/v2\/users\/2"}],"replies":[{"embeddable":true,"href":"https:\/\/laserenaradio.cl\/web\/wp-json\/wp\/v2\/comments?post=10631"}],"version-history":[{"count":1,"href":"https:\/\/laserenaradio.cl\/web\/wp-json\/wp\/v2\/posts\/10631\/revisions"}],"predecessor-version":[{"id":10632,"href":"https:\/\/laserenaradio.cl\/web\/wp-json\/wp\/v2\/posts\/10631\/revisions\/10632"}],"wp:featuredmedia":[{"embeddable":true,"href":"https:\/\/laserenaradio.cl\/web\/wp-json\/wp\/v2\/media\/9077"}],"wp:attachment":[{"href":"https:\/\/laserenaradio.cl\/web\/wp-json\/wp\/v2\/media?parent=10631"}],"wp:term":[{"taxonomy":"category","embeddable":true,"href":"https:\/\/laserenaradio.cl\/web\/wp-json\/wp\/v2\/categories?post=10631"},{"taxonomy":"post_tag","embeddable":true,"href":"https:\/\/laserenaradio.cl\/web\/wp-json\/wp\/v2\/tags?post=10631"}],"curies":[{"name":"wp","href":"https:\/\/api.w.org\/{rel}","templated":true}]}}