{"id":10629,"date":"2025-01-20T14:48:13","date_gmt":"2025-01-20T17:48:13","guid":{"rendered":"https:\/\/laserenaradio.cl\/web\/?p=10629"},"modified":"2025-01-20T14:48:13","modified_gmt":"2025-01-20T17:48:13","slug":"desbordes-respondio-a-criticas-por-tomar-vacaciones-en-su-primer-mes-como-alcalde-de-santiago","status":"publish","type":"post","link":"https:\/\/laserenaradio.cl\/web\/2025\/01\/20\/desbordes-respondio-a-criticas-por-tomar-vacaciones-en-su-primer-mes-como-alcalde-de-santiago\/","title":{"rendered":"Desbordes respondi\u00f3 a cr\u00edticas por tomar vacaciones en su primer mes como alcalde de Santiago"},"content":{"rendered":"<p><b>El alcalde de Santiago, Mario Desbordes (RN), regres\u00f3 a su cargo despu\u00e9s de una serie de cr\u00edticas por tomar d\u00edas de vacaciones apenas un mes despu\u00e9s de asumir el cargo<\/b><!--more-->.<\/p>\n<p>Desbordes explic\u00f3 que no hab\u00eda cometido un &#8220;privilegio&#8221; y que los funcionarios p\u00fablicos tienen derecho a descanso despu\u00e9s de trabajar un a\u00f1o en la administraci\u00f3n p\u00fablica.<\/p>\n<p>Dijo que se tom\u00f3 cinco d\u00edas para prepararse para las actividades del aniversario de la comuna en febrero, incluyendo reuniones con vecinos y organizaciones.<\/p>\n<p>Tambi\u00e9n respondi\u00f3 a cr\u00edticas de concejales, como Camila Davagnino (PC), afirmando que tambi\u00e9n ellos tienen derecho a descansar en febrero.<\/p>\n<p>Desbordes asegur\u00f3 mantenerse ocupado durante su tiempo libre, hablando con l\u00edderes comerciales y sociales para retomar acuerdos importantes.<\/p>\n","protected":false},"excerpt":{"rendered":"<p>El alcalde de Santiago, Mario Desbordes (RN), regres\u00f3 a su cargo despu\u00e9s de una serie de cr\u00edticas por tomar d\u00edas de vacaciones apenas un mes despu\u00e9s de asumir el cargo<\/p>\n","protected":false},"author":2,"featured_media":10628,"comment_status":"closed","ping_status":"open","sticky":false,"template":"","format":"standard","meta":{"_jetpack_memberships_contains_paid_content":false,"jnews-multi-image_gallery":[],"jnews_single_post":[],"jnews_primary_category":[],"jnews_social_meta":[],"jnews_paywall_metabox":[],"jnews_review":[],"enable_review":"","type":"","name":"","summary":"","brand":"","sku":"","good":[],"bad":[],"score_override":"","override_value":"","rating":[],"price":[],"jnews_override_counter":[],"jnews_post_split":[],"footnotes":""},"categories":[83],"tags":[],"class_list":["post-10629","post","type-post","status-publish","format-standard","has-post-thumbnail","hentry","category-politica"],"jetpack_featured_media_url":"https:\/\/laserenaradio.cl\/web\/wp-content\/uploads\/2025\/01\/homepiaiextractoscrapimg_webpDesbordesalcaldeSantiagocargo_1.webp","jetpack_sharing_enabled":true,"_links":{"self":[{"href":"https:\/\/laserenaradio.cl\/web\/wp-json\/wp\/v2\/posts\/10629","targetHints":{"allow":["GET"]}}],"collection":[{"href":"https:\/\/laserenaradio.cl\/web\/wp-json\/wp\/v2\/posts"}],"about":[{"href":"https:\/\/laserenaradio.cl\/web\/wp-json\/wp\/v2\/types\/post"}],"author":[{"embeddable":true,"href":"https:\/\/laserenaradio.cl\/web\/wp-json\/wp\/v2\/users\/2"}],"replies":[{"embeddable":true,"href":"https:\/\/laserenaradio.cl\/web\/wp-json\/wp\/v2\/comments?post=10629"}],"version-history":[{"count":1,"href":"https:\/\/laserenaradio.cl\/web\/wp-json\/wp\/v2\/posts\/10629\/revisions"}],"predecessor-version":[{"id":10630,"href":"https:\/\/laserenaradio.cl\/web\/wp-json\/wp\/v2\/posts\/10629\/revisions\/10630"}],"wp:featuredmedia":[{"embeddable":true,"href":"https:\/\/laserenaradio.cl\/web\/wp-json\/wp\/v2\/media\/10628"}],"wp:attachment":[{"href":"https:\/\/laserenaradio.cl\/web\/wp-json\/wp\/v2\/media?parent=10629"}],"wp:term":[{"taxonomy":"category","embeddable":true,"href":"https:\/\/laserenaradio.cl\/web\/wp-json\/wp\/v2\/categories?post=10629"},{"taxonomy":"post_tag","embeddable":true,"href":"https:\/\/laserenaradio.cl\/web\/wp-json\/wp\/v2\/tags?post=10629"}],"curies":[{"name":"wp","href":"https:\/\/api.w.org\/{rel}","templated":true}]}}