{"id":10621,"date":"2025-01-20T14:10:40","date_gmt":"2025-01-20T17:10:40","guid":{"rendered":"https:\/\/laserenaradio.cl\/web\/?p=10621"},"modified":"2025-01-20T14:10:40","modified_gmt":"2025-01-20T17:10:40","slug":"gobierno-considera-utilizar-facultades-presidenciales-para-aprobar-reforma-de-pensiones-antes-del-31-de-enero","status":"publish","type":"post","link":"https:\/\/laserenaradio.cl\/web\/2025\/01\/20\/gobierno-considera-utilizar-facultades-presidenciales-para-aprobar-reforma-de-pensiones-antes-del-31-de-enero\/","title":{"rendered":"Gobierno considera utilizar facultades presidenciales para aprobar reforma de pensiones antes del 31 de enero"},"content":{"rendered":"<p><b>La ministra vocera de Gobierno, Ais\u00e9n Etcheverry, dijo que el Ejecutivo no descarta la posibilidad de que el Presidente utilice sus facultades para citar al Congreso a sesionar en la \u00faltima semana de enero para aprobar la reforma de pensiones<\/b><!--more-->.<\/p>\n<p>Esto se debe a que la pr\u00f3xima semana es distrital y la C\u00e1mara de Diputados no funcionar\u00eda, lo que impedir\u00eda cumplir con el objetivo del Gobierno de despachar la reforma antes del cierre del a\u00f1o legislativo.<\/p>\n<p>Etcheverry destac\u00f3 que la voluntad del Ejecutivo es resolver este proyecto durante enero y utilizar todas las herramientas necesarias para lograrlo.<\/p>\n<p>Tambi\u00e9n mencion\u00f3 que se mantendr\u00e1n las relaciones bilaterales con Estados Unidos, independientemente de la administraci\u00f3n que est\u00e9 en el poder.<\/p>\n","protected":false},"excerpt":{"rendered":"<p>La ministra vocera de Gobierno, Ais\u00e9n Etcheverry, dijo que el Ejecutivo no descarta la posibilidad de que el Presidente utilice sus facultades para citar al Congreso a sesionar en la \u00faltima semana de enero para aprobar la reforma de pensiones<\/p>\n","protected":false},"author":2,"featured_media":10620,"comment_status":"closed","ping_status":"open","sticky":false,"template":"","format":"standard","meta":{"_jetpack_memberships_contains_paid_content":false,"jnews-multi-image_gallery":[],"jnews_single_post":[],"jnews_primary_category":[],"jnews_social_meta":[],"jnews_paywall_metabox":[],"jnews_review":[],"enable_review":"","type":"","name":"","summary":"","brand":"","sku":"","good":[],"bad":[],"score_override":"","override_value":"","rating":[],"price":[],"jnews_override_counter":[],"jnews_post_split":[],"footnotes":""},"categories":[83],"tags":[],"class_list":["post-10621","post","type-post","status-publish","format-standard","has-post-thumbnail","hentry","category-politica"],"jetpack_featured_media_url":"https:\/\/laserenaradio.cl\/web\/wp-content\/uploads\/2025\/01\/homepiaiextractoscrapimg_webpGobiernoeneroreformaEtcheverry_1.webp","jetpack_sharing_enabled":true,"_links":{"self":[{"href":"https:\/\/laserenaradio.cl\/web\/wp-json\/wp\/v2\/posts\/10621","targetHints":{"allow":["GET"]}}],"collection":[{"href":"https:\/\/laserenaradio.cl\/web\/wp-json\/wp\/v2\/posts"}],"about":[{"href":"https:\/\/laserenaradio.cl\/web\/wp-json\/wp\/v2\/types\/post"}],"author":[{"embeddable":true,"href":"https:\/\/laserenaradio.cl\/web\/wp-json\/wp\/v2\/users\/2"}],"replies":[{"embeddable":true,"href":"https:\/\/laserenaradio.cl\/web\/wp-json\/wp\/v2\/comments?post=10621"}],"version-history":[{"count":1,"href":"https:\/\/laserenaradio.cl\/web\/wp-json\/wp\/v2\/posts\/10621\/revisions"}],"predecessor-version":[{"id":10622,"href":"https:\/\/laserenaradio.cl\/web\/wp-json\/wp\/v2\/posts\/10621\/revisions\/10622"}],"wp:featuredmedia":[{"embeddable":true,"href":"https:\/\/laserenaradio.cl\/web\/wp-json\/wp\/v2\/media\/10620"}],"wp:attachment":[{"href":"https:\/\/laserenaradio.cl\/web\/wp-json\/wp\/v2\/media?parent=10621"}],"wp:term":[{"taxonomy":"category","embeddable":true,"href":"https:\/\/laserenaradio.cl\/web\/wp-json\/wp\/v2\/categories?post=10621"},{"taxonomy":"post_tag","embeddable":true,"href":"https:\/\/laserenaradio.cl\/web\/wp-json\/wp\/v2\/tags?post=10621"}],"curies":[{"name":"wp","href":"https:\/\/api.w.org\/{rel}","templated":true}]}}