{"id":10618,"date":"2025-01-20T14:05:22","date_gmt":"2025-01-20T17:05:22","guid":{"rendered":"https:\/\/laserenaradio.cl\/web\/?p=10618"},"modified":"2025-01-20T14:05:22","modified_gmt":"2025-01-20T17:05:22","slug":"etcheverry-se-refirio-a-la-carrera-presidencial-el-oficialismo-tiene-liderazgos-potentes","status":"publish","type":"post","link":"https:\/\/laserenaradio.cl\/web\/2025\/01\/20\/etcheverry-se-refirio-a-la-carrera-presidencial-el-oficialismo-tiene-liderazgos-potentes\/","title":{"rendered":"Etcheverry se refiri\u00f3 a la carrera presidencial: &#8220;El oficialismo tiene liderazgos potentes&#8221;"},"content":{"rendered":"<p><b>La ministra vocera subrogante, Ais\u00e9n Etcheverry, dijo que el gobierno chileno est\u00e1 actualmente ocupado abordando problemas urgentes como la reforma de pensiones y la seguridad p\u00fablica<\/b><!--more-->.<\/p>\n<p>Enfrentaron preguntas sobre la carrera presidencial, Etcheverry mencion\u00f3 que oficialismo tiene l\u00edderes potentes de diferentes colores pol\u00edticos dentro de su coalici\u00f3n.<\/p>\n<p>La ministra dijo que es tarea de los partidos avanzar en candidaturas competitivas y trabajar por la unidad del oficialismo.<\/p>\n<p>Tambi\u00e9n se refiri\u00f3 a las posibilidades de que las ministras Carolina Toh\u00e1 y Jeannette Jara sean las cartas presidenciales, diciendo que cuando sea el momento adecuado se comunicar\u00e1 esa informaci\u00f3n.<\/p>\n","protected":false},"excerpt":{"rendered":"<p>La ministra vocera subrogante, Ais\u00e9n Etcheverry, dijo que el gobierno chileno est\u00e1 actualmente ocupado abordando problemas urgentes como la reforma de pensiones y la seguridad p\u00fablica<\/p>\n","protected":false},"author":2,"featured_media":10617,"comment_status":"closed","ping_status":"open","sticky":false,"template":"","format":"standard","meta":{"_jetpack_memberships_contains_paid_content":false,"jnews-multi-image_gallery":[],"jnews_single_post":[],"jnews_primary_category":[],"jnews_social_meta":[],"jnews_paywall_metabox":[],"jnews_review":[],"enable_review":"","type":"","name":"","summary":"","brand":"","sku":"","good":[],"bad":[],"score_override":"","override_value":"","rating":[],"price":[],"jnews_override_counter":[],"jnews_post_split":[],"footnotes":""},"categories":[83],"tags":[],"class_list":["post-10618","post","type-post","status-publish","format-standard","has-post-thumbnail","hentry","category-politica"],"jetpack_featured_media_url":"https:\/\/laserenaradio.cl\/web\/wp-content\/uploads\/2025\/01\/homepiaiextractoscrapimg_webpoficialismolasministra_1.webp","jetpack_sharing_enabled":true,"_links":{"self":[{"href":"https:\/\/laserenaradio.cl\/web\/wp-json\/wp\/v2\/posts\/10618","targetHints":{"allow":["GET"]}}],"collection":[{"href":"https:\/\/laserenaradio.cl\/web\/wp-json\/wp\/v2\/posts"}],"about":[{"href":"https:\/\/laserenaradio.cl\/web\/wp-json\/wp\/v2\/types\/post"}],"author":[{"embeddable":true,"href":"https:\/\/laserenaradio.cl\/web\/wp-json\/wp\/v2\/users\/2"}],"replies":[{"embeddable":true,"href":"https:\/\/laserenaradio.cl\/web\/wp-json\/wp\/v2\/comments?post=10618"}],"version-history":[{"count":1,"href":"https:\/\/laserenaradio.cl\/web\/wp-json\/wp\/v2\/posts\/10618\/revisions"}],"predecessor-version":[{"id":10619,"href":"https:\/\/laserenaradio.cl\/web\/wp-json\/wp\/v2\/posts\/10618\/revisions\/10619"}],"wp:featuredmedia":[{"embeddable":true,"href":"https:\/\/laserenaradio.cl\/web\/wp-json\/wp\/v2\/media\/10617"}],"wp:attachment":[{"href":"https:\/\/laserenaradio.cl\/web\/wp-json\/wp\/v2\/media?parent=10618"}],"wp:term":[{"taxonomy":"category","embeddable":true,"href":"https:\/\/laserenaradio.cl\/web\/wp-json\/wp\/v2\/categories?post=10618"},{"taxonomy":"post_tag","embeddable":true,"href":"https:\/\/laserenaradio.cl\/web\/wp-json\/wp\/v2\/tags?post=10618"}],"curies":[{"name":"wp","href":"https:\/\/api.w.org\/{rel}","templated":true}]}}