{"id":10615,"date":"2025-01-20T12:55:41","date_gmt":"2025-01-20T15:55:41","guid":{"rendered":"https:\/\/laserenaradio.cl\/web\/?p=10615"},"modified":"2025-01-20T12:55:41","modified_gmt":"2025-01-20T15:55:41","slug":"el-senado-intentara-despachar-la-reforma-de-pensiones-antes-del-jueves","status":"publish","type":"post","link":"https:\/\/laserenaradio.cl\/web\/2025\/01\/20\/el-senado-intentara-despachar-la-reforma-de-pensiones-antes-del-jueves\/","title":{"rendered":"El Senado intentar\u00e1 despachar la reforma de pensiones antes del jueves"},"content":{"rendered":"<p><b>La reforma de pensiones en Chile est\u00e1 siendo tramitada en el Senado<\/b><!--more-->.<\/p>\n<p>La Comisi\u00f3n de Trabajo del Senado aprob\u00f3 indicaciones esenciales del proyecto el 19 de enero pasado, lo que se consider\u00f3 &#8220;el coraz\u00f3n de la reforma&#8221;. Ahora, la iniciativa pasar\u00e1 por la Comisi\u00f3n de Hacienda para analizar el informe financiero y el gasto estatal que generar\u00eda la reforma.<\/p>\n<p>Se espera que la Comisi\u00f3n de Hacienda del Senado debata el proyecto durante 48 horas, martes y mi\u00e9rcoles. Luego, si no se solicita una &#8220;segunda discusi\u00f3n&#8221;, el jueves habr\u00e1 una sesi\u00f3n hasta total despacho para enviar el proyecto a la C\u00e1mara de Diputados.<\/p>\n<p>El objetivo es que el Senado despeche la reforma al sistema de pensiones antes del jueves, despu\u00e9s de cuatro jornadas intensas y consecutivas.<\/p>\n<p>La reforma incluye un 8,5% de cotizaci\u00f3n adicional, con un 6% aportado por el empleador y destinado a cuentas individuales o al seguro social.<\/p>\n","protected":false},"excerpt":{"rendered":"<p>La reforma de pensiones en Chile est\u00e1 siendo tramitada en el Senado<\/p>\n","protected":false},"author":2,"featured_media":10614,"comment_status":"closed","ping_status":"open","sticky":false,"template":"","format":"standard","meta":{"_jetpack_memberships_contains_paid_content":false,"jnews-multi-image_gallery":[],"jnews_single_post":[],"jnews_primary_category":[],"jnews_social_meta":[],"jnews_paywall_metabox":[],"jnews_review":[],"enable_review":"","type":"","name":"","summary":"","brand":"","sku":"","good":[],"bad":[],"score_override":"","override_value":"","rating":[],"price":[],"jnews_override_counter":[],"jnews_post_split":[],"footnotes":""},"categories":[83],"tags":[],"class_list":["post-10615","post","type-post","status-publish","format-standard","has-post-thumbnail","hentry","category-politica"],"jetpack_featured_media_url":"https:\/\/laserenaradio.cl\/web\/wp-content\/uploads\/2025\/01\/homepiaiextractoscrapimg_webpSenadoNota_0.webp","jetpack_sharing_enabled":true,"_links":{"self":[{"href":"https:\/\/laserenaradio.cl\/web\/wp-json\/wp\/v2\/posts\/10615","targetHints":{"allow":["GET"]}}],"collection":[{"href":"https:\/\/laserenaradio.cl\/web\/wp-json\/wp\/v2\/posts"}],"about":[{"href":"https:\/\/laserenaradio.cl\/web\/wp-json\/wp\/v2\/types\/post"}],"author":[{"embeddable":true,"href":"https:\/\/laserenaradio.cl\/web\/wp-json\/wp\/v2\/users\/2"}],"replies":[{"embeddable":true,"href":"https:\/\/laserenaradio.cl\/web\/wp-json\/wp\/v2\/comments?post=10615"}],"version-history":[{"count":1,"href":"https:\/\/laserenaradio.cl\/web\/wp-json\/wp\/v2\/posts\/10615\/revisions"}],"predecessor-version":[{"id":10616,"href":"https:\/\/laserenaradio.cl\/web\/wp-json\/wp\/v2\/posts\/10615\/revisions\/10616"}],"wp:featuredmedia":[{"embeddable":true,"href":"https:\/\/laserenaradio.cl\/web\/wp-json\/wp\/v2\/media\/10614"}],"wp:attachment":[{"href":"https:\/\/laserenaradio.cl\/web\/wp-json\/wp\/v2\/media?parent=10615"}],"wp:term":[{"taxonomy":"category","embeddable":true,"href":"https:\/\/laserenaradio.cl\/web\/wp-json\/wp\/v2\/categories?post=10615"},{"taxonomy":"post_tag","embeddable":true,"href":"https:\/\/laserenaradio.cl\/web\/wp-json\/wp\/v2\/tags?post=10615"}],"curies":[{"name":"wp","href":"https:\/\/api.w.org\/{rel}","templated":true}]}}