{"id":10606,"date":"2025-01-20T12:29:32","date_gmt":"2025-01-20T15:29:32","guid":{"rendered":"https:\/\/laserenaradio.cl\/web\/?p=10606"},"modified":"2025-01-20T12:29:32","modified_gmt":"2025-01-20T15:29:32","slug":"ministros-y-senadores-de-chile-vamos-coinciden-en-la-necesidad-de-primarias-amplias-y-participativas-para-las-proximas-elecciones-presidenciales","status":"publish","type":"post","link":"https:\/\/laserenaradio.cl\/web\/2025\/01\/20\/ministros-y-senadores-de-chile-vamos-coinciden-en-la-necesidad-de-primarias-amplias-y-participativas-para-las-proximas-elecciones-presidenciales\/","title":{"rendered":"Ministros y senadores de Chile Vamos coinciden en la necesidad de primarias amplias y participativas para las pr\u00f3ximas elecciones presidenciales"},"content":{"rendered":"<p><b>El ministro \u00c1lvaro Elizalde y el senador Luciano Cruz-Coke de la coalici\u00f3n Ev\u00f3poli coincidieron en que las primarias para las elecciones presidenciales de este a\u00f1o deben ser &#8220;amplias y participativas&#8221; con candidatos de diferentes partidos progresistas<\/b><!--more-->.<\/p>\n<p>Ambos descartaron la posibilidad de ser candidatos presidenciales, considerando que ofrecerse como tal es &#8220;vulgaridad&#8221;.<\/p>\n<p>Elizalde mencion\u00f3 que el gobierno est\u00e1 centrado en gobernar y que se busca una candidatura unitaria a trav\u00e9s de una primaria amplia.<\/p>\n<p>Cruz-Coke destac\u00f3 que la primaria debe ser justa y no dar prioridad solo a los candidatos de Chile Vamos, sino buscar a los mejores candidatos para el cargo.<\/p>\n","protected":false},"excerpt":{"rendered":"<p>El ministro \u00c1lvaro Elizalde y el senador Luciano Cruz-Coke de la coalici\u00f3n Ev\u00f3poli coincidieron en que las primarias para las elecciones presidenciales de este a\u00f1o deben ser &#8220;amplias y participativas&#8221; con candidatos de diferentes partidos progresistas<\/p>\n","protected":false},"author":2,"featured_media":9077,"comment_status":"closed","ping_status":"open","sticky":false,"template":"","format":"standard","meta":{"_jetpack_memberships_contains_paid_content":false,"jnews-multi-image_gallery":[],"jnews_single_post":[],"jnews_primary_category":[],"jnews_social_meta":[],"jnews_paywall_metabox":[],"jnews_review":[],"enable_review":"","type":"","name":"","summary":"","brand":"","sku":"","good":[],"bad":[],"score_override":"","override_value":"","rating":[],"price":[],"jnews_override_counter":[],"jnews_post_split":[],"footnotes":""},"categories":[83],"tags":[],"class_list":["post-10606","post","type-post","status-publish","format-standard","has-post-thumbnail","hentry","category-politica"],"jetpack_featured_media_url":"https:\/\/laserenaradio.cl\/web\/wp-content\/uploads\/2024\/12\/laserenaradio_politica.webp","jetpack_sharing_enabled":true,"_links":{"self":[{"href":"https:\/\/laserenaradio.cl\/web\/wp-json\/wp\/v2\/posts\/10606","targetHints":{"allow":["GET"]}}],"collection":[{"href":"https:\/\/laserenaradio.cl\/web\/wp-json\/wp\/v2\/posts"}],"about":[{"href":"https:\/\/laserenaradio.cl\/web\/wp-json\/wp\/v2\/types\/post"}],"author":[{"embeddable":true,"href":"https:\/\/laserenaradio.cl\/web\/wp-json\/wp\/v2\/users\/2"}],"replies":[{"embeddable":true,"href":"https:\/\/laserenaradio.cl\/web\/wp-json\/wp\/v2\/comments?post=10606"}],"version-history":[{"count":1,"href":"https:\/\/laserenaradio.cl\/web\/wp-json\/wp\/v2\/posts\/10606\/revisions"}],"predecessor-version":[{"id":10607,"href":"https:\/\/laserenaradio.cl\/web\/wp-json\/wp\/v2\/posts\/10606\/revisions\/10607"}],"wp:featuredmedia":[{"embeddable":true,"href":"https:\/\/laserenaradio.cl\/web\/wp-json\/wp\/v2\/media\/9077"}],"wp:attachment":[{"href":"https:\/\/laserenaradio.cl\/web\/wp-json\/wp\/v2\/media?parent=10606"}],"wp:term":[{"taxonomy":"category","embeddable":true,"href":"https:\/\/laserenaradio.cl\/web\/wp-json\/wp\/v2\/categories?post=10606"},{"taxonomy":"post_tag","embeddable":true,"href":"https:\/\/laserenaradio.cl\/web\/wp-json\/wp\/v2\/tags?post=10606"}],"curies":[{"name":"wp","href":"https:\/\/api.w.org\/{rel}","templated":true}]}}