{"id":10567,"date":"2025-01-18T14:15:39","date_gmt":"2025-01-18T17:15:39","guid":{"rendered":"https:\/\/laserenaradio.cl\/web\/?p=10567"},"modified":"2025-01-18T14:15:39","modified_gmt":"2025-01-18T17:15:39","slug":"la-udi-proclama-a-evelyn-matthei-como-su-candidata-presidencial","status":"publish","type":"post","link":"https:\/\/laserenaradio.cl\/web\/2025\/01\/18\/la-udi-proclama-a-evelyn-matthei-como-su-candidata-presidencial\/","title":{"rendered":"La UDI proclama a Evelyn Matthei como su candidata presidencial"},"content":{"rendered":"<p><b>La Uni\u00f3n Dem\u00f3crata Independiente (UDI) ha proclamado a Evelyn Matthei como su candidata presidencial para las elecciones de noviembre<\/b><!--more-->.<\/p>\n<p>La decisi\u00f3n se tom\u00f3 despu\u00e9s de una reuni\u00f3n del consejo general de la colectividad, donde Matthei fue considerada la opci\u00f3n m\u00e1s competitiva para la coalici\u00f3n Chile Vamos.<\/p>\n<p>La UDI se une a Renovaci\u00f3n Nacional (RN) en su apoyo a Matthei.<\/p>\n<p>En un discurso tras su proclamaci\u00f3n, Matthei destac\u00f3 que su objetivo es &#8220;recuperar la seguridad&#8221; y &#8220;derrotar la sensaci\u00f3n de agobio&#8221; que vive gran parte de la poblaci\u00f3n chilena, y prometi\u00f3 avanzar con fuerza en la econom\u00eda.<\/p>\n<p>Se espera que Ev\u00f3poli, el tercer partido de la coalici\u00f3n, oficialice su respaldo a Matthei en los pr\u00f3ximos d\u00edas, aunque no se ha decidido si realizar\u00e1n primarias o si Matthei ir\u00e1 directamente a la papeleta de primera vuelta en noviembre.<\/p>\n","protected":false},"excerpt":{"rendered":"<p>La Uni\u00f3n Dem\u00f3crata Independiente (UDI) ha proclamado a Evelyn Matthei como su candidata presidencial para las elecciones de noviembre<\/p>\n","protected":false},"author":2,"featured_media":10566,"comment_status":"closed","ping_status":"open","sticky":false,"template":"","format":"standard","meta":{"_jetpack_memberships_contains_paid_content":false,"jnews-multi-image_gallery":[],"jnews_single_post":[],"jnews_primary_category":[],"jnews_social_meta":[],"jnews_paywall_metabox":[],"jnews_review":[],"enable_review":"","type":"","name":"","summary":"","brand":"","sku":"","good":[],"bad":[],"score_override":"","override_value":"","rating":[],"price":[],"jnews_override_counter":[],"jnews_post_split":[],"footnotes":""},"categories":[83],"tags":[],"class_list":["post-10567","post","type-post","status-publish","format-standard","has-post-thumbnail","hentry","category-politica"],"jetpack_featured_media_url":"https:\/\/laserenaradio.cl\/web\/wp-content\/uploads\/2025\/01\/homepiaiextractoscrapimg_webpMattheiEvelynMattheicomocandidata_0.webp","jetpack_sharing_enabled":true,"_links":{"self":[{"href":"https:\/\/laserenaradio.cl\/web\/wp-json\/wp\/v2\/posts\/10567","targetHints":{"allow":["GET"]}}],"collection":[{"href":"https:\/\/laserenaradio.cl\/web\/wp-json\/wp\/v2\/posts"}],"about":[{"href":"https:\/\/laserenaradio.cl\/web\/wp-json\/wp\/v2\/types\/post"}],"author":[{"embeddable":true,"href":"https:\/\/laserenaradio.cl\/web\/wp-json\/wp\/v2\/users\/2"}],"replies":[{"embeddable":true,"href":"https:\/\/laserenaradio.cl\/web\/wp-json\/wp\/v2\/comments?post=10567"}],"version-history":[{"count":1,"href":"https:\/\/laserenaradio.cl\/web\/wp-json\/wp\/v2\/posts\/10567\/revisions"}],"predecessor-version":[{"id":10568,"href":"https:\/\/laserenaradio.cl\/web\/wp-json\/wp\/v2\/posts\/10567\/revisions\/10568"}],"wp:featuredmedia":[{"embeddable":true,"href":"https:\/\/laserenaradio.cl\/web\/wp-json\/wp\/v2\/media\/10566"}],"wp:attachment":[{"href":"https:\/\/laserenaradio.cl\/web\/wp-json\/wp\/v2\/media?parent=10567"}],"wp:term":[{"taxonomy":"category","embeddable":true,"href":"https:\/\/laserenaradio.cl\/web\/wp-json\/wp\/v2\/categories?post=10567"},{"taxonomy":"post_tag","embeddable":true,"href":"https:\/\/laserenaradio.cl\/web\/wp-json\/wp\/v2\/tags?post=10567"}],"curies":[{"name":"wp","href":"https:\/\/api.w.org\/{rel}","templated":true}]}}