{"id":10539,"date":"2025-01-17T14:49:53","date_gmt":"2025-01-17T17:49:53","guid":{"rendered":"https:\/\/laserenaradio.cl\/web\/?p=10539"},"modified":"2025-01-17T15:07:38","modified_gmt":"2025-01-17T18:07:38","slug":"el-abogado-de-catalina-perez-descarto-cualquier-acusacion-sobre-fraude-al-fisco","status":"publish","type":"post","link":"https:\/\/laserenaradio.cl\/web\/2025\/01\/17\/el-abogado-de-catalina-perez-descarto-cualquier-acusacion-sobre-fraude-al-fisco\/","title":{"rendered":"El abogado de Catalina P\u00e9rez descart\u00f3 cualquier acusaci\u00f3n sobre fraude al fisco"},"content":{"rendered":"\n<p><b>El abogado de la diputada Catalina P\u00e9rez, Gonzalo Medina, ha respondido a las acusaciones contra su cliente en el caso Democracia Viva<\/b><\/p>\n\n\n\n<!--more-->\n\n\n\n<p>.<\/p>\n\n\n\n<p>Seg\u00fan \u00e9l, las pruebas no apoyan la acusaci\u00f3n de fraude al fisco y se trata solo de &#8220;suposiciones&#8221; debido a que P\u00e9rez fue pareja del l\u00edder de la fundaci\u00f3n, Daniel Andrade.<\/p>\n\n\n\n<p>Medina afirm\u00f3 que los mensajes filtrados muestran un inter\u00e9s normal y l\u00edcito para ayudar a su expareja en un procedimiento laboral, y que P\u00e9rez nunca intervino en la firma o celebraci\u00f3n de convenios ni se benefici\u00f3 de ellos.<\/p>\n\n\n\n<p>El abogado tambi\u00e9n sugiri\u00f3 que las filtraciones son interesadas y buscan perjudicar pol\u00edticamente a su cliente, y se lament\u00f3 de la situaci\u00f3n.<\/p>\n\n\n\n<blockquote class=\"twitter-tweet\" data-media-max-width=\"560\"><p lang=\"es\" dir=\"ltr\">PDI determin\u00f3 que Catalina P\u00e9rez intent\u00f3 borrar mensajes con expareja<br><br>EN VIVO \ud83d\udcfa<a href=\"https:\/\/twitter.com\/hashtag\/T13Central?src=hash&amp;ref_src=twsrc%5Etfw\">#T13Central<\/a> \u00bb <a href=\"https:\/\/t.co\/tdFda9tz69\">https:\/\/t.co\/tdFda9tz69<\/a> <a href=\"https:\/\/t.co\/YeFJTSiVQo\">pic.twitter.com\/YeFJTSiVQo<\/a><\/p>&mdash; T13 (@T13) <a href=\"https:\/\/twitter.com\/T13\/status\/1880053966978814153?ref_src=twsrc%5Etfw\">January 17, 2025<\/a><\/blockquote> <script async src=\"https:\/\/platform.twitter.com\/widgets.js\" charset=\"utf-8\"><\/script>\n","protected":false},"excerpt":{"rendered":"<p>El abogado de la diputada Catalina P\u00e9rez, Gonzalo Medina, ha respondido a las acusaciones contra su cliente en el caso Democracia Viva<\/p>\n","protected":false},"author":2,"featured_media":10538,"comment_status":"closed","ping_status":"open","sticky":false,"template":"","format":"standard","meta":{"_jetpack_memberships_contains_paid_content":false,"jnews-multi-image_gallery":[],"jnews_single_post":{"format":"standard"},"jnews_primary_category":[],"jnews_social_meta":[],"jnews_paywall_metabox":[],"jnews_review":[],"enable_review":"","type":"","name":"","summary":"","brand":"","sku":"","good":[],"bad":[],"score_override":"","override_value":"","rating":[],"price":[],"jnews_override_counter":[],"jnews_post_split":[],"footnotes":""},"categories":[83],"tags":[],"class_list":["post-10539","post","type-post","status-publish","format-standard","has-post-thumbnail","hentry","category-politica"],"jetpack_featured_media_url":"https:\/\/laserenaradio.cl\/web\/wp-content\/uploads\/2025\/01\/homepiaiextractoscrapimg_webpCatalinaPerez_0.webp","jetpack_sharing_enabled":true,"_links":{"self":[{"href":"https:\/\/laserenaradio.cl\/web\/wp-json\/wp\/v2\/posts\/10539","targetHints":{"allow":["GET"]}}],"collection":[{"href":"https:\/\/laserenaradio.cl\/web\/wp-json\/wp\/v2\/posts"}],"about":[{"href":"https:\/\/laserenaradio.cl\/web\/wp-json\/wp\/v2\/types\/post"}],"author":[{"embeddable":true,"href":"https:\/\/laserenaradio.cl\/web\/wp-json\/wp\/v2\/users\/2"}],"replies":[{"embeddable":true,"href":"https:\/\/laserenaradio.cl\/web\/wp-json\/wp\/v2\/comments?post=10539"}],"version-history":[{"count":2,"href":"https:\/\/laserenaradio.cl\/web\/wp-json\/wp\/v2\/posts\/10539\/revisions"}],"predecessor-version":[{"id":10547,"href":"https:\/\/laserenaradio.cl\/web\/wp-json\/wp\/v2\/posts\/10539\/revisions\/10547"}],"wp:featuredmedia":[{"embeddable":true,"href":"https:\/\/laserenaradio.cl\/web\/wp-json\/wp\/v2\/media\/10538"}],"wp:attachment":[{"href":"https:\/\/laserenaradio.cl\/web\/wp-json\/wp\/v2\/media?parent=10539"}],"wp:term":[{"taxonomy":"category","embeddable":true,"href":"https:\/\/laserenaradio.cl\/web\/wp-json\/wp\/v2\/categories?post=10539"},{"taxonomy":"post_tag","embeddable":true,"href":"https:\/\/laserenaradio.cl\/web\/wp-json\/wp\/v2\/tags?post=10539"}],"curies":[{"name":"wp","href":"https:\/\/api.w.org\/{rel}","templated":true}]}}